{"id":4123,"date":"2017-07-29T01:00:41","date_gmt":"2017-07-29T00:00:41","guid":{"rendered":"http:\/\/puntocritico.com\/?p=4123"},"modified":"2023-05-08T09:24:00","modified_gmt":"2023-05-08T09:24:00","slug":"las-noches-de-centinela-y-el-pasado-represor-del-ex-juez-garzon","status":"publish","type":"post","link":"https:\/\/ausaj.org\/?p=4123","title":{"rendered":"LAS NOCHES DE CENTINELA Y EL PASADO REPRESOR DEL EX JUEZ GARZ\u00d3N"},"content":{"rendered":"<blockquote>\n<p style=\"text-align: justify;\"><span style=\"font-family: arial, helvetica, sans-serif; font-size: 14pt;\">\u2013Le han reprochado a usted -dije yo con cierta imprudencia- que en aquel tiempo [las guerras antinapole\u00f3nicas] no empu\u00f1ase las armas ni se alistara siquiera entre los poetas patri\u00f3ticos.<\/span><\/p>\n<p style=\"text-align: justify;\"><span style=\"font-family: arial, helvetica, sans-serif; font-size: 14pt;\">\u2013Dejemos eso a un lado, amigo m\u00edo -replic\u00f3 Goethe-. Los que as\u00ed hablan son gente absurda y no hay que hacerles ning\u00fan caso. \u00bfC\u00f3mo iba yo a poder tomar las armas sin sentir odio y c\u00f3mo iba a tener odio sin tener juventud? De haber yo tenido veinte a\u00f1os cuando esas cosas ocurrieron no habr\u00eda sido seguramente el \u00faltimo en alistarme; pero entonces ya pasaba yo de los sesenta. Sin contar que no todos podemos servir a la patria del mismo modo, sino cada cual en la medida de sus fuerzas y usando de las facultades que Dios tuvo a bien concederle. Durante medio siglo no tuvo mi vida nada de agradable. Puedo decir muy alto que en aquellas cosas que la Naturaleza me asign\u00f3 como mi labor cotidiana, trabaj\u00e9 sin descansar noche y d\u00eda; y lejos de procurarme alg\u00fan alivio a mi esfuerzo, lo que hice fue extremarlo cuanto pude. Y no nos ir\u00eda mal si todos pudieran decir lo mismo.<\/span><\/p>\n<p style=\"text-align: justify;\"><span style=\"font-family: arial, helvetica, sans-serif; font-size: 14pt;\">\u2013En el fondo -dije yo tratando de calmarlo- ese reproche puede tenerle a usted sin cuidado; antes debe enorgullecerle. Pues, en resumidas cuentas, s\u00f3lo indica que el mundo tiene de usted tan alta idea que pide de quien tanto ha hecho m\u00e1s que de otro alguno; la cultura de su naci\u00f3n lo hubiera hecho todo.<\/span><\/p>\n<p style=\"text-align: justify;\"><span style=\"font-family: arial, helvetica, sans-serif; font-size: 14pt;\">\u2013Yo s\u00e9 de sobra lo que digo -replic\u00f3 Goethe-. Ese reproche encierra m\u00e1s inquina de la que usted cree. Yo veo en ellos la continuaci\u00f3n de ese odio con que de antiguo me persiguen y tratan de hacerme da\u00f1o de modo insidioso. Ya s\u00e9 que para muchos represento un estorbo y querr\u00edan deshacerse de m\u00ed, y como no pueden atacarme en mi talento, me atacan en mi car\u00e1cter. Ora soy orgulloso; ora, ego\u00edsta; ya un envidioso de los escritores noveles; ya un libertino encenegado en los placeres sensuales; unas veces no soy cristiano y otras, en fin, soy un hombre que no ama a su patria ni a sus queridos compatriotas. Hace bastantes a\u00f1os ya que usted me conoce y puede apreciar el valor de semejantes opiniones. Pero si quiere usted saber cu\u00e1nto he padecido, lea usted mis Xenias, y por la forma en que all\u00ed reacciono contra los ataques podr\u00e1 inferir lo que, unos detr\u00e1s de otros, han hecho por amargarme la vida.<\/span><\/p>\n<p style=\"text-align: justify;\"><span style=\"font-family: arial, helvetica, sans-serif; font-size: 14pt;\">\u2013Un escritor alem\u00e1n es un m\u00e1rtir alem\u00e1n. S\u00ed, querido amigo; y lo mismo le ocurrir\u00e1 a usted. Yo realmente no me puedo quejar. No han tenido mejor suerte los otros, y los m\u00e1s la han tenido peor. Y lo mismo que aqu\u00ed sucede en Inglaterra y Francia. \u00a1Cu\u00e1nto no tuvieron que sufrir Moli\u00e8re, y Rousseau, y Voltaire! A Byron lo echaron de Inglaterra las malas lenguas, y al fin del mundo habr\u00eda tenido que huir luego si una muerte prematura no hubiera venido a salvarlo de los filisteos y su rencor. \u00a1Y si por lo menos fuera la masa ignara la \u00fanica en perseguir a los grandes hombres! Pero lo malo es que tambi\u00e9n los hombres de talento se persiguen unos a otros. Plat\u00f3n aqu\u00ed zahiere a Heine y Heine a Plat\u00f3n, y cada uno de los dos procura rebajar al otro, y eso que el mundo es lo bastante ancho para que todos puedan vivir en \u00e9l y laborar en paz, y que cada cual tiene en su mismo talento un enemigo con el que luchar, y no poco.<\/span><\/p>\n<p style=\"text-align: justify;\"><span style=\"font-family: arial, helvetica, sans-serif; font-size: 14pt;\">\u2013Eso de escribir canciones marciales, sentadito en mi despacho, no se hab\u00eda hecho para m\u00ed. Lo que a m\u00ed me hubiera gustado habr\u00eda sido pasar las noches de centinela oyendo relinchar a los caballos de las avanzadas enemigas. Pero mi edad no\u00a0 me consent\u00eda eso ni era tampoco cosa de mi incumbencia, sino de la Teodoro K\u00f4rner. A K\u00f4rner le sientan de perlas sus cancioncillas marciales. Pero, para m\u00ed, que por naturaleza no tengo nada de marcial, una canci\u00f3n de guerra me habr\u00eda sentado tan mal como una careta.<\/span><\/p>\n<p style=\"text-align: justify;\"><span style=\"font-family: arial, helvetica, sans-serif; font-size: 14pt;\">\u2013Mi poes\u00eda no fue nunca afectada; yo no escrib\u00ed ni rim\u00e9 nunca sino lo que llevaba sobre mi coraz\u00f3n, lo que me preocupaba la mente. S\u00f3lo compuse versos de amor cuando estaba enamorado. \u00bfC\u00f3mo habr\u00eda podido escribir cantos de odio sin odio? Pues, dicho sea entre nosotros, yo no odiaba a los franceses, aunque di las gracias a Dios cuando nos libr\u00f3 de ellos. Porque \u00bfc\u00f3mo habr\u00eda podido yo, para quien s\u00f3lo tienen importancia la cultura y la barbarie, odiar a una naci\u00f3n que considero como una de las m\u00e1s cultas del mundo y a la que le debo parte tan considerable de mi propia cultura?<\/span><\/p>\n<p style=\"text-align: justify;\"><span style=\"font-family: arial, helvetica, sans-serif; font-size: 14pt;\">\u2013En general -sigui\u00f3 diciendo Goethe\u2013 vea usted lo que ocurre con eso de los odios nacionales: pues que son tanto m\u00e1s fuertes y violentos cuanto m\u00e1s inferior es el grado de civilizaci\u00f3n de los pueblos. Pero hay un momento en que ese odio se borra, en que venimos a estar, en cierto modo, por encima de las naciones, y sentimos como propias la suerte o la desgracia de un pueblo vecino. A este grado de cultura hab\u00eda llegado mi naturaleza, y ya me hab\u00eda yo fijado en \u00e9l mucho antes de llegar a los sesenta.<\/span><\/p>\n<p style=\"text-align: justify;\"><span style=\"font-family: arial, helvetica, sans-serif; font-size: 14pt;\">JOHANN W. GOETHE, Conversaciones con Eckermann.<\/span><\/p>\n<\/blockquote>\n<p>&nbsp;<\/p>\n<p style=\"text-align: center;\">* * * * *<\/p>\n<p>&nbsp;<\/p>\n<p><span style=\"font-size: 18pt;\"><strong><span style=\"color: #339966; font-family: arial, helvetica, sans-serif;\">Recuerdan a Garz\u00f3n su pasado como juez represor<\/span><\/strong><\/span><\/p>\n<p><span style=\"font-family: arial, helvetica, sans-serif;\">Por\u00a0<a href=\"https:\/\/diario-octubre.com\/author\/admin\/\"><strong>Octubre<\/strong><\/a>\u00a0\u00a0Julio 23, 2017<\/span><\/p>\n<p><a href=\"https:\/\/ausaj.org\/wp-content\/uploads\/2023\/05\/imagen-activa-p.jpg\"><img fetchpriority=\"high\" decoding=\"async\" class=\"aligncenter size-full wp-image-4125\" src=\"https:\/\/ausaj.org\/wp-content\/uploads\/2023\/05\/imagen-activa-p.jpg\" alt=\"\" width=\"800\" height=\"450\" \/><\/a><\/p>\n<div style=\"text-align: justify;\"><span style=\"font-family: arial, helvetica, sans-serif; font-size: 14pt;\">Por\u00a0<span style=\"color: #339966;\">Eugenio Fern\u00e1ndez<\/span><\/span><\/div>\n<div>\u00a0<\/div>\n<p style=\"text-align: justify;\"><span style=\"font-family: arial, helvetica, sans-serif; font-size: 14pt;\">Aliado con cierta \u201cizquierda\u201d vergonzantemente socialdem\u00f3crata, el ex juez Baltasar Garz\u00f3n ha logrado presentarse ante la opini\u00f3n p\u00fablica del Estado espa\u00f1ol como un jurista \u201cprogresista\u201d y defensor de las causas m\u00e1s nobles. Desde luego, el ex juez estrella ha sabido tambi\u00e9n qu\u00e9 teclas tocar para construirse esta imagen, en un contexto donde la ausencia de una verdadera izquierda revolucionaria organizada facilita a los vendedores de humo dar a cualquiera gato por liebre.<\/span><\/p>\n<p style=\"text-align: justify;\"><span style=\"font-family: arial, helvetica, sans-serif; font-size: 14pt;\">La jugada maestra de Garz\u00f3n en este terreno fue, sin duda, su iniciativa para investigar la represi\u00f3n franquista, que se centraba exclusivamente en las desapariciones forzosas ocurridas entre 1936 y 1952, y que termin\u00f3 con su inhibici\u00f3n a favor de los juzgados territoriales. El ex magistrado no pod\u00eda ignorar entonces el nulo recorrido que su iniciativa tendr\u00eda en el marco de la legislaci\u00f3n espa\u00f1ola y de sus leyes de \u201cpunto final\u201d con respecto a la dictadura franquista, pero la acci\u00f3n le sirvi\u00f3, no obstante, para obtener popularidad entre un sector de la poblaci\u00f3n espa\u00f1ola.<\/span><\/p>\n<p style=\"text-align: justify;\"><span style=\"font-family: arial, helvetica, sans-serif; font-size: 14pt;\">Su posterior enfrentamiento con el PP por la investigaci\u00f3n del Caso G\u00fcrtel y su subsiguiente expulsi\u00f3n de la carrera judicial contribuyeron tambi\u00e9n, decisivamente, a construir el mito del \u201cjuez recto\u201d, justo e insobornable, represaliado por la derecha.<\/span><\/p>\n<p style=\"text-align: justify;\"><span style=\"font-family: arial, helvetica, sans-serif; font-size: 14pt;\">Lo cierto es, en cualquier caso, que todos los esfuerzos de Garz\u00f3n por presentarse a s\u00ed mismo como un \u201chombre de izquierdas\u201d, despu\u00e9s de que sus deseos de hacer carrera pol\u00edtica en el PSOE se frustraran por un exceso de ambici\u00f3n, no hubieran sido suficientes sin la complicidad de una parte de Izquierda Unida y el PCE, y de sus artistas e \u201cintelectuales\u201d afines que, como miembros plenamente integrados en el R\u00e9gimen del 78, ocultaron de manera c\u00f3mplice el papel represor que el juez hab\u00eda desempe\u00f1ado en la Audiencia Nacional.<\/span><\/p>\n<p style=\"text-align: justify;\"><span style=\"font-family: arial, helvetica, sans-serif; font-size: 14pt;\">Desde ese tribunal de excepci\u00f3n, heredero del franquista TOP, Baltasar Garz\u00f3n fue uno de los art\u00edfices, en el terreno judicial, de la Caza de Brujas desatada contra los movimientos independentistas del Pa\u00eds Vasco y Catalu\u00f1a. Fue el impulsor, por ejemplo, de la doctrina maccartista del \u201centorno de ETA\u201d, que permiti\u00f3 reprimir y encarcelar, de manera indiscriminada, a todos cuantos no se hab\u00edan sometido a la Constituci\u00f3n y el R\u00e9gimen mon\u00e1rquico impuesto tras la muerte del dictador.<\/span><\/p>\n<p style=\"text-align: justify;\"><span style=\"font-family: arial, helvetica, sans-serif; font-size: 14pt;\">Con esta doctrina encarcel\u00f3, por ejemplo, a 27 personas en 1997 y las tuvo presas durante dos a\u00f1os hasta que el propio Tribunal Constitucional espa\u00f1ol sentenci\u00f3 que eran inocentes.<\/span><\/p>\n<p style=\"text-align: justify;\"><span style=\"font-family: arial, helvetica, sans-serif; font-size: 14pt;\">Con este criterio del \u201cderecho penal del enemigo\u201d tambi\u00e9n tuvo participaci\u00f3n en la causa 18\/98 contra el diario Egin, cerrando el rotativo, llev\u00e1ndolo a la ruina, y encarcelando a sus periodistas. A\u00f1os despu\u00e9s se sentenci\u00f3 que tambi\u00e9n eran inocentes, pero el trabajo de destrucci\u00f3n de aquel medio de comunicaci\u00f3n, inc\u00f3modo para el poder, ya lo hab\u00eda hecho Baltasar Garz\u00f3n.<\/span><\/p>\n<p style=\"text-align: justify;\"><span style=\"font-family: arial, helvetica, sans-serif; font-size: 14pt;\">En el a\u00f1o 1992, hasta 40 independentistas catalanes fueron detenidos en la denominada \u2018Operaci\u00f3n Garz\u00f3n\u2019, por orden del magistrado \u201cprogresista\u201d, acusados de pertenecer a la organizaci\u00f3n Terra Lliure.<\/span><\/p>\n<p style=\"text-align: justify;\"><span style=\"font-family: arial, helvetica, sans-serif; font-size: 14pt;\">Muchos de los detenidos denunciaron que hab\u00edan sufrido tortura. Interrogatorios incomunicados en aplicaci\u00f3n de la ley antiterrorista, asfixia con bolsas de pl\u00e1stico, golpes por todo el cuerpo, descargas el\u00e9ctricas, intentos de suicidio, torturas psicol\u00f3gicas. El Tribunal Europeo de los Derechos Humanos conden\u00f3 a Espa\u00f1a por negarse a investigar estas denuncias.<\/span><\/p>\n<p style=\"text-align: justify;\"><span style=\"font-family: arial, helvetica, sans-serif; font-size: 14pt;\">Cinco de estos independentistas catalanes recriminaban este mismo martes a Baltasar Garz\u00f3n, durante su comparecencia en el Parlament catal\u00e1n en un grupo de trabajo sobre ni\u00f1os robados durante el franquismo, que fue \u00e9l, precisamente, quien ignor\u00f3 completamente sus denuncias, dej\u00e1ndoles en la m\u00e1s absoluta indefensi\u00f3n.<\/span><\/p>\n<p style=\"text-align: justify;\"><span style=\"font-family: arial, helvetica, sans-serif; font-size: 14pt;\">El ex juez se limit\u00f3 a responderles que \u201cen aquellos tiempos las denuncias de torturas no se investigaban lo suficiente\u201d, a\u00f1adiendo, c\u00ednicamente, que \u201cel no ten\u00eda competencias para hacerlo\u201d.<\/span><\/p>\n<p style=\"text-align: justify;\"><span style=\"font-family: arial, helvetica, sans-serif; font-size: 14pt;\">El pasado mes de abril, este mismo ex juez represor presentaba, junto al ex coordinador general de IU Gaspar Llamazares la \u201cPlataforma Act\u00faa\u201d. Un globo sonda con el que ambos socios pol\u00edticos, apoyados por otras \u201cfiguras\u201d como la abogada Cristina Almeida; el exdirector de la Unesco, Federico Mayor Zaragoza; el escritor y excandidato de IU a la Presidencia de la Comunidad de Madrid Luis Garc\u00eda Montero; o la periodista Teresa Aranguren, pretend\u00edan auscultar qu\u00e9 posibilidades tendr\u00edan si llegan a presentar su propio \u201cproyecto electoral\u201d de \u201cregeneraci\u00f3n democr\u00e1tica\u201d.<\/span><\/p>\n<p style=\"text-align: justify;\"><span style=\"font-family: arial, helvetica, sans-serif; font-size: 14pt;\">Ese es, y as\u00ed nos va, el pa\u00eds en el que vivimos.<\/span><\/p>\n<p style=\"text-align: justify;\"><span style=\"font-family: arial, helvetica, sans-serif; font-size: 14pt;\">canarias-semanal.org<\/span><\/p>\n<p>&nbsp;<\/p>\n","protected":false},"excerpt":{"rendered":"<div class=\"mh-excerpt\"><p>\u2013Le han reprochado a usted -dije yo con cierta imprudencia- que en aquel tiempo [las guerras antinapole\u00f3nicas] no empu\u00f1ase las armas ni se alistara siquiera entre los poetas patri\u00f3ticos. \u2013Dejemos eso a un lado, amigo <a class=\"mh-excerpt-more\" href=\"https:\/\/ausaj.org\/?p=4123\" title=\"LAS NOCHES DE CENTINELA Y EL PASADO REPRESOR DEL EX JUEZ GARZ\u00d3N\">[&#8230;]<\/a><\/p>\n<\/div>","protected":false},"author":5,"featured_media":4196,"comment_status":"open","ping_status":"closed","sticky":false,"template":"","format":"standard","meta":{"_exactmetrics_skip_tracking":false,"_exactmetrics_sitenote_active":false,"_exactmetrics_sitenote_note":"","_exactmetrics_sitenote_category":0,"footnotes":""},"categories":[18],"tags":[],"_links":{"self":[{"href":"https:\/\/ausaj.org\/index.php?rest_route=\/wp\/v2\/posts\/4123"}],"collection":[{"href":"https:\/\/ausaj.org\/index.php?rest_route=\/wp\/v2\/posts"}],"about":[{"href":"https:\/\/ausaj.org\/index.php?rest_route=\/wp\/v2\/types\/post"}],"author":[{"embeddable":true,"href":"https:\/\/ausaj.org\/index.php?rest_route=\/wp\/v2\/users\/5"}],"replies":[{"embeddable":true,"href":"https:\/\/ausaj.org\/index.php?rest_route=%2Fwp%2Fv2%2Fcomments&post=4123"}],"version-history":[{"count":1,"href":"https:\/\/ausaj.org\/index.php?rest_route=\/wp\/v2\/posts\/4123\/revisions"}],"predecessor-version":[{"id":2287201,"href":"https:\/\/ausaj.org\/index.php?rest_route=\/wp\/v2\/posts\/4123\/revisions\/2287201"}],"wp:featuredmedia":[{"embeddable":true,"href":"https:\/\/ausaj.org\/index.php?rest_route=\/wp\/v2\/media\/4196"}],"wp:attachment":[{"href":"https:\/\/ausaj.org\/index.php?rest_route=%2Fwp%2Fv2%2Fmedia&parent=4123"}],"wp:term":[{"taxonomy":"category","embeddable":true,"href":"https:\/\/ausaj.org\/index.php?rest_route=%2Fwp%2Fv2%2Fcategories&post=4123"},{"taxonomy":"post_tag","embeddable":true,"href":"https:\/\/ausaj.org\/index.php?rest_route=%2Fwp%2Fv2%2Ftags&post=4123"}],"curies":[{"name":"wp","href":"https:\/\/api.w.org\/{rel}","templated":true}]}}