{"id":35,"date":"2016-02-03T11:26:42","date_gmt":"2016-02-03T11:26:42","guid":{"rendered":"http:\/\/puntocritico.com\/ausaj\/index.php\/03\/02\/2016\/25a-presentado-recurso-de-amparo-en-materia-de-derecho-penal-del-enemigo\/"},"modified":"2023-05-08T09:24:26","modified_gmt":"2023-05-08T09:24:26","slug":"25a-presentado-recurso-de-amparo-en-materia-de-derecho-penal-del-enemigo","status":"publish","type":"post","link":"https:\/\/ausaj.org\/?p=35","title":{"rendered":"25A &#8211; PRESENTADO RECURSO DE AMPARO EN MATERIA DE DERECHO PENAL DEL ENEMIGO"},"content":{"rendered":"<p style=\"text-align: justify;\"><span style=\"font-family: arial, helvetica, sans-serif; font-size: 14pt;\">Demanda de Amparo contra la Sentencia Condenatoria contra Francisco Molero por su participaci\u00f3n en la Manifestaci\u00f3n del 25A, fundada en la aplicaci\u00f3n inconstitucional del denominado \u00abDerecho Penal del Enemigo\u00bb, entre otros fundamentos.<\/span><\/p>\n<p style=\"text-align: justify;\"><span style=\"font-family: arial, helvetica, sans-serif; font-size: 14pt;\"><a href=\"..\/..\/..\/..\/..\/documentos\/RECURSO_AMPARO_MOLERO.pdf\">Recurso de amparo de Francisco Molero<\/a><\/span><\/p>\n","protected":false},"excerpt":{"rendered":"<div class=\"mh-excerpt\"><p>Demanda de Amparo contra la Sentencia Condenatoria contra Francisco Molero por su participaci\u00f3n en la Manifestaci\u00f3n del 25A, fundada en la aplicaci\u00f3n inconstitucional del denominado \u00abDerecho Penal del Enemigo\u00bb, entre otros fundamentos. Recurso de amparo <a class=\"mh-excerpt-more\" href=\"https:\/\/ausaj.org\/?p=35\" title=\"25A &#8211; PRESENTADO RECURSO DE AMPARO EN MATERIA DE DERECHO PENAL DEL ENEMIGO\">[&#8230;]<\/a><\/p>\n<\/div>","protected":false},"author":1,"featured_media":0,"comment_status":"closed","ping_status":"open","sticky":false,"template":"","format":"standard","meta":{"_exactmetrics_skip_tracking":false,"_exactmetrics_sitenote_active":false,"_exactmetrics_sitenote_note":"","_exactmetrics_sitenote_category":0,"footnotes":""},"categories":[3],"tags":[],"_links":{"self":[{"href":"https:\/\/ausaj.org\/index.php?rest_route=\/wp\/v2\/posts\/35"}],"collection":[{"href":"https:\/\/ausaj.org\/index.php?rest_route=\/wp\/v2\/posts"}],"about":[{"href":"https:\/\/ausaj.org\/index.php?rest_route=\/wp\/v2\/types\/post"}],"author":[{"embeddable":true,"href":"https:\/\/ausaj.org\/index.php?rest_route=\/wp\/v2\/users\/1"}],"replies":[{"embeddable":true,"href":"https:\/\/ausaj.org\/index.php?rest_route=%2Fwp%2Fv2%2Fcomments&post=35"}],"version-history":[{"count":3,"href":"https:\/\/ausaj.org\/index.php?rest_route=\/wp\/v2\/posts\/35\/revisions"}],"predecessor-version":[{"id":99,"href":"https:\/\/ausaj.org\/index.php?rest_route=\/wp\/v2\/posts\/35\/revisions\/99"}],"wp:attachment":[{"href":"https:\/\/ausaj.org\/index.php?rest_route=%2Fwp%2Fv2%2Fmedia&parent=35"}],"wp:term":[{"taxonomy":"category","embeddable":true,"href":"https:\/\/ausaj.org\/index.php?rest_route=%2Fwp%2Fv2%2Fcategories&post=35"},{"taxonomy":"post_tag","embeddable":true,"href":"https:\/\/ausaj.org\/index.php?rest_route=%2Fwp%2Fv2%2Ftags&post=35"}],"curies":[{"name":"wp","href":"https:\/\/api.w.org\/{rel}","templated":true}]}}