{"id":34,"date":"2016-01-22T17:30:28","date_gmt":"2016-01-22T17:30:28","guid":{"rendered":"http:\/\/puntocritico.com\/ausaj\/index.php\/22\/01\/2016\/presentada-demanda-ante-el-tedh-la-criminalizacion-del-derecho-de-huelga\/"},"modified":"2023-05-08T09:24:26","modified_gmt":"2023-05-08T09:24:26","slug":"presentada-demanda-ante-el-tedh-la-criminalizacion-del-derecho-de-huelga","status":"publish","type":"post","link":"https:\/\/ausaj.org\/?p=34","title":{"rendered":"Presentada demanda ante el TEDH. LA CRIMINALIZACI\u00d3N DEL DERECHO DE HUELGA"},"content":{"rendered":"<p style=\"text-align: justify;\"><span style=\"font-family: arial, helvetica, sans-serif; font-size: 14pt;\">Demanda presentada ante el Tribunal Europeo de Derechos Humanos, en nombre y representaci\u00f3n de Do\u00f1a Carmen Bajo, relativa a LA CRIMINALIZACI\u00d3N DEL DERECHO DE HUELGA.<\/span><\/p>\n<p style=\"text-align: justify;\"><span style=\"font-family: arial, helvetica, sans-serif; font-size: 14pt;\"><a href=\"..\/..\/..\/..\/..\/documentos\/Formulario_de_Demanda.pdf\">Formulario de Demanda<\/a><\/span><\/p>\n<p style=\"text-align: justify;\"><span style=\"font-family: arial, helvetica, sans-serif; font-size: 14pt;\"><a href=\"..\/..\/..\/..\/..\/documentos\/Escrito_de_Explicaciones_Suplementarias_sobre_Hechos_y_Quejas.pdf\">Escrito de Explicaciones Suplementarias sobre Hechos y Quejas<\/a><\/span><\/p>\n<p style=\"text-align: justify;\"><span style=\"font-family: arial, helvetica, sans-serif; font-size: 14pt;\"><a href=\"..\/..\/..\/..\/..\/documentos\/Carta_Recordatorio_al_Tribunal_Europeo_de_Derechos_Humanos.pdf\">Carta Recordatorio al Tribunal Europeo de Derechos Humanos<\/a><\/span><\/p>\n","protected":false},"excerpt":{"rendered":"<div class=\"mh-excerpt\"><p>Demanda presentada ante el Tribunal Europeo de Derechos Humanos, en nombre y representaci\u00f3n de Do\u00f1a Carmen Bajo, relativa a LA CRIMINALIZACI\u00d3N DEL DERECHO DE HUELGA. Formulario de Demanda Escrito de Explicaciones Suplementarias sobre Hechos y <a class=\"mh-excerpt-more\" href=\"https:\/\/ausaj.org\/?p=34\" title=\"Presentada demanda ante el TEDH. LA CRIMINALIZACI\u00d3N DEL DERECHO DE HUELGA\">[&#8230;]<\/a><\/p>\n<\/div>","protected":false},"author":1,"featured_media":0,"comment_status":"closed","ping_status":"open","sticky":false,"template":"","format":"standard","meta":{"_exactmetrics_skip_tracking":false,"_exactmetrics_sitenote_active":false,"_exactmetrics_sitenote_note":"","_exactmetrics_sitenote_category":0,"footnotes":""},"categories":[3],"tags":[],"_links":{"self":[{"href":"https:\/\/ausaj.org\/index.php?rest_route=\/wp\/v2\/posts\/34"}],"collection":[{"href":"https:\/\/ausaj.org\/index.php?rest_route=\/wp\/v2\/posts"}],"about":[{"href":"https:\/\/ausaj.org\/index.php?rest_route=\/wp\/v2\/types\/post"}],"author":[{"embeddable":true,"href":"https:\/\/ausaj.org\/index.php?rest_route=\/wp\/v2\/users\/1"}],"replies":[{"embeddable":true,"href":"https:\/\/ausaj.org\/index.php?rest_route=%2Fwp%2Fv2%2Fcomments&post=34"}],"version-history":[{"count":4,"href":"https:\/\/ausaj.org\/index.php?rest_route=\/wp\/v2\/posts\/34\/revisions"}],"predecessor-version":[{"id":100,"href":"https:\/\/ausaj.org\/index.php?rest_route=\/wp\/v2\/posts\/34\/revisions\/100"}],"wp:attachment":[{"href":"https:\/\/ausaj.org\/index.php?rest_route=%2Fwp%2Fv2%2Fmedia&parent=34"}],"wp:term":[{"taxonomy":"category","embeddable":true,"href":"https:\/\/ausaj.org\/index.php?rest_route=%2Fwp%2Fv2%2Fcategories&post=34"},{"taxonomy":"post_tag","embeddable":true,"href":"https:\/\/ausaj.org\/index.php?rest_route=%2Fwp%2Fv2%2Ftags&post=34"}],"curies":[{"name":"wp","href":"https:\/\/api.w.org\/{rel}","templated":true}]}}