{"id":32,"date":"2015-12-12T16:46:28","date_gmt":"2015-12-12T16:46:28","guid":{"rendered":"http:\/\/puntocritico.com\/ausaj\/index.php\/12\/12\/2015\/ausaj-presentara-recurso-de-amparo-contra-la-sentencia-de-francisco-molero-ojeda\/"},"modified":"2023-05-08T09:24:26","modified_gmt":"2023-05-08T09:24:26","slug":"ausaj-presentara-recurso-de-amparo-contra-la-sentencia-de-francisco-molero-ojeda","status":"publish","type":"post","link":"https:\/\/ausaj.org\/?p=32","title":{"rendered":"AUSAJ presentar\u00e1 recurso de amparo contra la sentencia de Francisco Molero Ojeda"},"content":{"rendered":"<p style=\"text-align: justify;\"><span style=\"font-family: arial, helvetica, sans-serif; font-size: 14pt;\"><span style=\"text-align: justify;\">Por acuerdo un\u00e1nime de la Asamblea General Extraordinaria de la Asociaci\u00f3n, celebrada en fecha 4 de diciembre de 2015, de conformidad con lo dispuesto en sus Estatutos y en la Ley,\u00a0<\/span><b style=\"text-align: justify;\"><i>la Asociaci\u00f3n acoge favorablemente la solicitud efectuada por don Francisco Molero Ojeda y el Sindicato Andaluz de Trabajadores al efecto de la presentaci\u00f3n y tramitaci\u00f3n de Recurso de Amparo Constitucional contra la Sentencia de la Audiencia Provincial de Madrid\u00a0<\/i><\/b><\/span><\/p>\n<p><span style=\"font-family: arial, helvetica, sans-serif; font-size: 14pt;\">\u00a0<span style=\"text-align: center;\">ASOCIACI\u00d3N DE USUARIOS DE LA ADMINISTRACI\u00d3N DE JUSTICIA<\/span><\/span><\/p>\n<p class=\"Standard\" style=\"text-align: center;\" align=\"center\"><span style=\"font-family: arial, helvetica, sans-serif; font-size: 14pt;\">\u201c<i>LA JUSTICIA EMANA DEL PUEBLO<\/i>\u201d (AUSAJ).<\/span><\/p>\n<p class=\"Standard\" style=\"text-align: justify; text-justify: inter-ideograph;\"><span style=\"font-family: arial, helvetica, sans-serif; font-size: 14pt;\"><!-- [if gte vml 1]><v:shapetype id=\"_x0000_t75\" coordsize=\"21600,21600\" o:spt=\"75\" o:preferrelative=\"t\" path=\"m@4@5l@4@11@9@11@9@5xe\" filled=\"f\" stroked=\"f\">\n<v:stroke joinstyle=\"miter\"\/>\n<v:formulas>\n<v:f eqn=\"if lineDrawn pixelLineWidth 0\"\/>\n<v:f eqn=\"sum @0 1 0\"\/>\n<v:f eqn=\"sum 0 0 @1\"\/>\n<v:f eqn=\"prod @2 1 2\"\/>\n<v:f eqn=\"prod @3 21600 pixelWidth\"\/>\n<v:f eqn=\"prod @3 21600 pixelHeight\"\/>\n<v:f eqn=\"sum @0 0 1\"\/>\n<v:f eqn=\"prod @6 1 2\"\/>\n<v:f eqn=\"prod @7 21600 pixelWidth\"\/>\n<v:f eqn=\"sum @8 21600 0\"\/>\n<v:f eqn=\"prod @7 21600 pixelHeight\"\/>\n<v:f eqn=\"sum @10 21600 0\"\/>\n<\/v:formulas>\n<v:path o:extrusionok=\"f\" gradientshapeok=\"t\" o:connecttype=\"rect\"\/>\n<o:lock v:ext=\"edit\" aspectratio=\"t\"\/>\n<\/v:shapetype><v:shape id=\"Lady_justice_standing\" o:spid=\"_x0000_s1026\" type=\"#_x0000_t75\" style='position:absolute;left:0;text-align:left;margin-left:342pt; margin-top:9.45pt;width:73pt;height:129pt;z-index:251658240;visibility:visible; mso-wrap-style:square;mso-wrap-distance-left:9pt;mso-wrap-distance-top:0; mso-wrap-distance-right:9pt;mso-wrap-distance-bottom:0; mso-position-horizontal:absolute;mso-position-horizontal-relative:text; mso-position-vertical:absolute;mso-position-vertical-relative:text'>\n<v:imagedata src=\"file:\/\/\/C:\\Users\\ANDRES\\AppData\\Local\\Temp\\msohtmlclip1\\01\\clip_image001.png\" o:title=\"\" blacklevel=\"-.25\" grayscale=\"t\"\/>\n<w:wrap type=\"square\"\/>\n<\/v:shape><![endif]--><!-- [if !vml]--><!--[endif]--><\/span><\/p>\n<p class=\"Standard\" style=\"text-align: justify; text-justify: inter-ideograph;\"><span style=\"font-family: arial, helvetica, sans-serif; font-size: 14pt;\">\u00a0 \u00a0 \u00a0 \u00a0 \u00a0 \u00a0 D. Jos\u00e9 Lu\u00eds Barbeito Berm\u00fadez de Castro, con DNI n\u00ba XX.XXX.XXX, Secretario de la ASOCIACI\u00d3N DE USUARIOS DE LA ADMINISTRACI\u00d3N DE JUSTICIA \u201cLA JUSTICIA EMANA DEL PUEBLO\u201d (AUSAJ), inscrita en el Registro Nacional de Asociaciones, dependiente del Ministerio del Interior, en el Grupo 1, Secci\u00f3n 1, n\u00ba Nacional 592184, domiciliada en C\/ Ciudad de Lugo, n\u00ba 31-33 de A Coru\u00f1a, C.P. 15.005, con N\u00famero de Identificaci\u00f3n Fiscal G70217054,<\/span><\/p>\n<p class=\"Standard\" style=\"text-align: justify; text-justify: inter-ideograph;\"><span style=\"font-family: arial, helvetica, sans-serif; font-size: 14pt;\">\u00a0<b>CERTIFICA<\/b><\/span><\/p>\n<p class=\"Standard\" style=\"text-align: justify; text-justify: inter-ideograph;\"><span style=\"font-family: arial, helvetica, sans-serif; font-size: 14pt;\">\u00a0 \u00a0 \u00a0 \u00a0 \u00a0 \u00a0 Que, por Acuerdo un\u00e1nime de la Asamblea General Extraordinaria de la Asociaci\u00f3n, celebrada en fecha 4 de diciembre de 2015, de conformidad con lo dispuesto en sus Estatutos y en la Ley, <b><i>la Asociaci\u00f3n acoge favorablemente la solicitud efectuada por don Francisco Molero Ojeda y el Sindicato Andaluz de Trabajadores al efecto de la presentaci\u00f3n y tramitaci\u00f3n de Recurso de Amparo Constitucional contra la Sentencia de la Audiencia Provincial de Madrid por la que se le condena a penas de prisi\u00f3n que suman 5 a\u00f1os y un d\u00eda, por el hecho de haber participado en la Manifestaci\u00f3n denominada \u201c25A\u201d, que tuvo lugar el d\u00eda 25 de Abril de 2013, Concentraci\u00f3n AUTORIZADA, ante el Congreso de los Diputados. Y ello en base a la evidencia de la absoluta INDEFENSI\u00d3N en que se ha visto situado el Sr. Molero, a lo largo de la entera tramitaci\u00f3n de las actuaciones judiciales en que result\u00f3 condenado<\/i><\/b><i>, a cuyo efecto son designados los Letrados de esta Asociaci\u00f3n, D. Jes\u00fas D\u00edaz Formoso y D\u00aa Bel\u00e9n Luj\u00e1n S\u00e1ez, quienes llevar\u00e1n a efecto el presente Acuerdo, <b>con la condici\u00f3n de que sea puesta a su disposici\u00f3n copia de las actuaciones judiciales previas a dicha Demanda de Amparo<\/b><\/i>\u201d.<\/span><\/p>\n<p class=\"Standard\" style=\"text-align: right;\" align=\"right\"><span style=\"font-family: arial, helvetica, sans-serif; font-size: 14pt;\">En A Coru\u00f1a, a 11 de diciembre de 2015<\/span><\/p>\n<p class=\"Standard\" style=\"text-align: center;\" align=\"center\"><span style=\"font-family: arial, helvetica, sans-serif; font-size: 14pt;\">Fdo. D. Jes\u00fas D\u00edaz Formoso\u00a0\u00a0\u00a0\u00a0\u00a0\u00a0\u00a0\u00a0\u00a0 \u00a0\u00a0\u00a0 \u00a0\u00a0\u00a0\u00a0Fdo. D. Jos\u00e9 Lu\u00eds Barbeito Berm\u00fadez de Castro<\/span><\/p>\n<p class=\"Standard\" style=\"text-align: center;\" align=\"center\"><span style=\"font-family: arial, helvetica, sans-serif; font-size: 14pt;\">Presidente\u00a0\u00a0\u00a0\u00a0\u00a0\u00a0\u00a0\u00a0\u00a0\u00a0\u00a0\u00a0\u00a0\u00a0\u00a0\u00a0\u00a0\u00a0\u00a0\u00a0\u00a0\u00a0\u00a0\u00a0\u00a0\u00a0\u00a0\u00a0\u00a0\u00a0\u00a0\u00a0\u00a0\u00a0\u00a0\u00a0\u00a0\u00a0\u00a0\u00a0\u00a0\u00a0\u00a0\u00a0\u00a0\u00a0\u00a0\u00a0\u00a0\u00a0\u00a0\u00a0\u00a0\u00a0\u00a0\u00a0\u00a0\u00a0\u00a0\u00a0\u00a0\u00a0\u00a0\u00a0\u00a0 Secretario<\/span><\/p>\n","protected":false},"excerpt":{"rendered":"<div class=\"mh-excerpt\"><p>Por acuerdo un\u00e1nime de la Asamblea General Extraordinaria de la Asociaci\u00f3n, celebrada en fecha 4 de diciembre de 2015, de conformidad con lo dispuesto en sus Estatutos y en la Ley,\u00a0la Asociaci\u00f3n acoge favorablemente la <a class=\"mh-excerpt-more\" href=\"https:\/\/ausaj.org\/?p=32\" title=\"AUSAJ presentar\u00e1 recurso de amparo contra la sentencia de Francisco Molero Ojeda\">[&#8230;]<\/a><\/p>\n<\/div>","protected":false},"author":1,"featured_media":0,"comment_status":"closed","ping_status":"open","sticky":false,"template":"","format":"standard","meta":{"_exactmetrics_skip_tracking":false,"_exactmetrics_sitenote_active":false,"_exactmetrics_sitenote_note":"","_exactmetrics_sitenote_category":0,"footnotes":""},"categories":[3],"tags":[],"_links":{"self":[{"href":"https:\/\/ausaj.org\/index.php?rest_route=\/wp\/v2\/posts\/32"}],"collection":[{"href":"https:\/\/ausaj.org\/index.php?rest_route=\/wp\/v2\/posts"}],"about":[{"href":"https:\/\/ausaj.org\/index.php?rest_route=\/wp\/v2\/types\/post"}],"author":[{"embeddable":true,"href":"https:\/\/ausaj.org\/index.php?rest_route=\/wp\/v2\/users\/1"}],"replies":[{"embeddable":true,"href":"https:\/\/ausaj.org\/index.php?rest_route=%2Fwp%2Fv2%2Fcomments&post=32"}],"version-history":[{"count":3,"href":"https:\/\/ausaj.org\/index.php?rest_route=\/wp\/v2\/posts\/32\/revisions"}],"predecessor-version":[{"id":102,"href":"https:\/\/ausaj.org\/index.php?rest_route=\/wp\/v2\/posts\/32\/revisions\/102"}],"wp:attachment":[{"href":"https:\/\/ausaj.org\/index.php?rest_route=%2Fwp%2Fv2%2Fmedia&parent=32"}],"wp:term":[{"taxonomy":"category","embeddable":true,"href":"https:\/\/ausaj.org\/index.php?rest_route=%2Fwp%2Fv2%2Fcategories&post=32"},{"taxonomy":"post_tag","embeddable":true,"href":"https:\/\/ausaj.org\/index.php?rest_route=%2Fwp%2Fv2%2Ftags&post=32"}],"curies":[{"name":"wp","href":"https:\/\/api.w.org\/{rel}","templated":true}]}}