{"id":31,"date":"2015-06-01T20:19:22","date_gmt":"2015-06-01T20:19:22","guid":{"rendered":"http:\/\/puntocritico.com\/ausaj\/index.php\/01\/06\/2015\/diligencias-penales-25-a-estimado-recurso-de-apelacion-contra-denegacion-de-practica-de-pruebas\/"},"modified":"2023-05-08T09:24:26","modified_gmt":"2023-05-08T09:24:26","slug":"diligencias-penales-25-a-estimado-recurso-de-apelacion-contra-denegacion-de-practica-de-pruebas","status":"publish","type":"post","link":"https:\/\/ausaj.org\/?p=31","title":{"rendered":"DILIGENCIAS PENALES \u201c25 A\u201d: ESTIMADO RECURSO DE APELACI\u00d3N CONTRA DENEGACI\u00d3N DE PR\u00c1CTICA DE PRUEBAS"},"content":{"rendered":"<p style=\"margin-bottom: 0.0001pt; text-align: justify;\"><span style=\"font-size: 14pt; font-family: arial, helvetica, sans-serif;\">En el Recurso de Apelaci\u00f3n, ahora estimado por la Audiencia Provincial (ver Auto n\u00ba 449\/2015; Secci\u00f3n 2\u00aa en PDF), se expon\u00eda (Alegaci\u00f3n Segunda): \u201cNo solo el Principio \u201cin dubio pro reo\u201d obligaba a haber interpretado la normativa procesal de la manera m\u00e1s beneficiosa al imputado, en el caso de autos, habr\u00eda exigido aceptar que en todo caso en que la Acusaci\u00f3n disponga de tr\u00e1mite para practicar diligencias de Investigaci\u00f3n, tambi\u00e9n le sea tal tr\u00e1mite otorgado al Imputado para acreditar, mediante la pr\u00e1ctica de Diligencias de Investigaci\u00f3n, su inocencia.<\/span><\/p>\n<p style=\"margin-bottom: 0.0001pt; text-align: justify;\"><span style=\"font-size: 14pt; font-family: arial, helvetica, sans-serif;\">Tal descompensaci\u00f3n entre las facultades otorgadas a la Acusaci\u00f3n y a la Defensa vulnera el Principio de Igualdad de Armas que ha de regir nuestro Derecho Procesal, m\u00e1s a\u00fan en el orden penal; de manera contraria a las determinaciones del art\u00edculo 24 de nuestro texto constitucional, otorga una preponderancia, una superioridad de opciones procesales, no al imputado, sino a la Acusaci\u00f3n.<\/span><\/p>\n<p style=\"margin-bottom: 0.0001pt; text-align: justify;\"><span style=\"font-size: 14pt; font-family: arial, helvetica, sans-serif;\">En el caso que nos ocupa, por lo dem\u00e1s, se produce el efecto de dejar al margen de la instrucci\u00f3n toda actividad probatoria defensiva, siendo que el contenido de las presentes actuaciones est\u00e1 constituido, en su pr\u00e1ctica totalidad, por tr\u00e1mites policiales, dotados de singular credibilidad: Credibilidad fundada abstractamente en su situaci\u00f3n de independencia y ausencia de intereses personales en el asunto, lo que sin embargo, en este caso carece de toda virtualidad: recordemos que los hechos investigados involucran protestas ciudadanas leg\u00edtimas contra el gobierno, del que dependen jer\u00e1rquicamente los cuerpos policiales involucrados en los hechos objeto de estos autos. Se hace necesario, por tanto, dotar de posibilidades defensivas al imputado, pues ha de poder probar en contra de tales pruebas dotadas de presunci\u00f3n de veracidad Iuris Tantum; si se puede probar en contra, debemos tener las opciones procesales necesarias para llevar a cabo tal probanza, evitando, o tratando de evitar, no solo la condena penal de mi mandante, sino sobre todo, la \u201cpena de Banquillo\u201d a que se ver\u00eda sometido de no ser estimado este recurso. Recordemos que mi mandante ha sido torturado durante su detenci\u00f3n, HA SIDO V\u00cdCTIMA DE MALOS TRATOS, E INCLUSO DE TORTURAS DURANTE SU DETENCI\u00d3N, QUE NADIE, NADIE, SE HA INTERESADO EN INVESTIGAR JUDICIALMENTE.<\/span><\/p>\n<p style=\"margin-bottom: 0.0001pt; text-align: justify;\"><span style=\"font-size: 14pt; font-family: arial, helvetica, sans-serif;\">Curiosa \u201cdemocracia\u201d, en la que los Derechos Fundamentales de los ciudadanos en lugar de ser protegidos por los Poderes del Estado, son de una u otra forma violentados impunemente por esos mismos Poderes del Estado<\/span><\/p>\n<p style=\"margin-bottom: 0.0001pt; text-align: justify;\"><span style=\"font-family: arial, helvetica, sans-serif; font-size: 14pt;\"><a href=\"..\/..\/..\/..\/..\/documentos\/Auto_Recurso_de_Apelacion_Seccion_2_Audiencia_Provincial_Madrid_Texto editado.pdf\">Auto Recurso de Apelacion Seccion 2 Audiencia Provincial Madrid Texto editado<\/a><\/span><\/p>\n","protected":false},"excerpt":{"rendered":"<div class=\"mh-excerpt\"><p>En el Recurso de Apelaci\u00f3n, ahora estimado por la Audiencia Provincial (ver Auto n\u00ba 449\/2015; Secci\u00f3n 2\u00aa en PDF), se expon\u00eda (Alegaci\u00f3n Segunda): \u201cNo solo el Principio \u201cin dubio pro reo\u201d obligaba a haber interpretado <a class=\"mh-excerpt-more\" href=\"https:\/\/ausaj.org\/?p=31\" title=\"DILIGENCIAS PENALES \u201c25 A\u201d: ESTIMADO RECURSO DE APELACI\u00d3N CONTRA DENEGACI\u00d3N DE PR\u00c1CTICA DE PRUEBAS\">[&#8230;]<\/a><\/p>\n<\/div>","protected":false},"author":1,"featured_media":0,"comment_status":"closed","ping_status":"open","sticky":false,"template":"","format":"standard","meta":{"_exactmetrics_skip_tracking":false,"_exactmetrics_sitenote_active":false,"_exactmetrics_sitenote_note":"","_exactmetrics_sitenote_category":0,"footnotes":""},"categories":[3],"tags":[],"_links":{"self":[{"href":"https:\/\/ausaj.org\/index.php?rest_route=\/wp\/v2\/posts\/31"}],"collection":[{"href":"https:\/\/ausaj.org\/index.php?rest_route=\/wp\/v2\/posts"}],"about":[{"href":"https:\/\/ausaj.org\/index.php?rest_route=\/wp\/v2\/types\/post"}],"author":[{"embeddable":true,"href":"https:\/\/ausaj.org\/index.php?rest_route=\/wp\/v2\/users\/1"}],"replies":[{"embeddable":true,"href":"https:\/\/ausaj.org\/index.php?rest_route=%2Fwp%2Fv2%2Fcomments&post=31"}],"version-history":[{"count":6,"href":"https:\/\/ausaj.org\/index.php?rest_route=\/wp\/v2\/posts\/31\/revisions"}],"predecessor-version":[{"id":89,"href":"https:\/\/ausaj.org\/index.php?rest_route=\/wp\/v2\/posts\/31\/revisions\/89"}],"wp:attachment":[{"href":"https:\/\/ausaj.org\/index.php?rest_route=%2Fwp%2Fv2%2Fmedia&parent=31"}],"wp:term":[{"taxonomy":"category","embeddable":true,"href":"https:\/\/ausaj.org\/index.php?rest_route=%2Fwp%2Fv2%2Fcategories&post=31"},{"taxonomy":"post_tag","embeddable":true,"href":"https:\/\/ausaj.org\/index.php?rest_route=%2Fwp%2Fv2%2Ftags&post=31"}],"curies":[{"name":"wp","href":"https:\/\/api.w.org\/{rel}","templated":true}]}}