{"id":2384,"date":"2017-05-12T15:28:38","date_gmt":"2017-05-12T14:28:38","guid":{"rendered":"http:\/\/puntocritico.com\/?p=2384"},"modified":"2023-05-08T09:24:01","modified_gmt":"2023-05-08T09:24:01","slug":"hipocresias-en-el-discurso-politico-sobre-la-fiscalia-por-salvador-viada-bardaji","status":"publish","type":"post","link":"https:\/\/ausaj.org\/?p=2384","title":{"rendered":"Hipocres\u00edas en el discurso pol\u00edtico sobre la Fiscal\u00eda por Salvador Viada Bardaj\u00ed"},"content":{"rendered":"<blockquote>\n<h3 style=\"text-align: justify;\"><span style=\"font-size: 14pt;\"><a href=\"http:\/\/justiciaimparcial.blogspot.com.es\/2015\/07\/los-trapos-sucios-y-la-deslealtad-por.html\"><span style=\"font-family: arial, helvetica, sans-serif;\">LOS TRAPOS SUCIOS Y LA DESLEALTAD, por Pilar Alvarez y Salvador Viada.<\/span><\/a><\/span><\/h3>\n<p><span style=\"font-family: arial, helvetica, sans-serif;\">Art\u00edculo extra\u00eddo del blog Justicia Imparcial: http:\/\/justiciaimparcial.blogspot.com.es<\/span><\/p>\n<p style=\"text-align: justify;\"><span style=\"font-family: arial, helvetica, sans-serif; font-size: 14pt;\">Considerar que alguien es desleal por el simple hecho de que intenta defender sus derechos es un planteamiento digno de ser estudiado. La lealtad nada tiene que ver con la estupidez ni con el dejarse pisotear. La lealtad no se mide por las injusticias que est\u00e9s \u00a0(o que otros piensen que est\u00e9s) \u201cobligado\u201d a soportar en silencio. La lealtad se mide por el respeto a la instituci\u00f3n, por las ganas que tengas de construir una casa que de verdad sea la casa de todos, en la que queden atr\u00e1s injusticias y en la que la discrepancia y la pluralidad se vean como un enriquecimiento para todos y no como una amenaza. Hoy en d\u00eda proliferan los pronunciamientos p\u00fablicos y privados sobre los supuestos efectos perniciosos que tiene la sentencia de 15 de mayo de 2015 de la Secci\u00f3n Segunda de la Sala de lo Contencioso-administrativo del Tribunal Superior de Justicia de Canarias.\u00a0 Muchos hablan de lo malo que ser\u00eda que los jueces acabaran marc\u00e1ndonos los repartos de trabajo. Se olvidan, estos que as\u00ed se pronuncian, que los jueces tienen encomendada la alta funci\u00f3n constitucional de impartir justicia, restaurando la vulneraci\u00f3n de derechos que pudieran producirse en todos los \u00e1mbitos, tambi\u00e9n en el seno de la Administraci\u00f3n P\u00fablica, y, por supuesto, tambi\u00e9n en el seno de la Carrera Fiscal. Sostener que la Carrera Fiscal se encuentra al margen del derecho administrativo y del posible amparo de los Tribunales viene a ser olvidar que existe la Constituci\u00f3n y el derecho a la tutela judicial efectiva, tambi\u00e9n para los Fiscales, s\u00ed tambi\u00e9n. No se trata de que los jueces vengan o no a decirnos lo que tenemos que hacer, se trata del derecho a acudir a los Tribunales a solicitar se restauren los derechos que te han sido vulnerados. Si no queremos que esto suceda, si no queremos que los trapos sucios salgan de la casa com\u00fan empecemos por respetar los derechos, de establecer una regulaci\u00f3n, unas normas claras para todos, un sistema garantista que efectivamente repare las injusticias y vulneraciones de derechos que se produzcan y entonces, y s\u00f3lo entonces, alejaremos ese temor que a algunos invade de que los jueces entren a regularnos. Eso s\u00ed, nunca debemos olvidar que ellos, los jueces, est\u00e1n ah\u00ed para eso, para restaurar el derecho cuando es vulnerado y que cada cual trata o deber\u00eda tratar de llevar a cabo la funci\u00f3n constitucional que le ha sido encomendada de la mejor manera posible.<\/span><\/p>\n<\/blockquote>\n<h1 style=\"text-align: center;\"><span style=\"font-family: arial, helvetica, sans-serif; font-size: 14pt;\">*******<\/span><\/h1>\n<h1><span style=\"font-family: arial, helvetica, sans-serif; font-size: 14pt;\">Hipocres\u00edas en el discurso pol\u00edtico sobre la Fiscal\u00eda por Salvador Viada Bardaj\u00ed<\/span><\/h1>\n<p><span style=\"font-family: arial, helvetica, sans-serif; font-size: 14pt;\"><a href=\"http:\/\/www.eldiario.es\/tribunaabierta\/Hipocresias-discurso-politico-Fiscalia_6_642595772.html\">Publicado en eldiario.es 11\/05\/2017<\/a>\u00a0<\/span><\/p>\n<p class=\"mce\" style=\"text-align: justify;\"><span style=\"font-family: arial, helvetica, sans-serif; font-size: 14pt;\">En 2007 se tramit\u00f3 una importante reforma del Estatuto Org\u00e1nico del Ministerio Fiscal en pleno gobierno del PSOE. Durante la tramitaci\u00f3n de esa ley, el representante del PP dijo en el Pleno del Congreso sobre el proyecto remitido por el Gobierno lo siguiente, seg\u00fan se lee en el Diario de Sesiones:<\/span><\/p>\n<blockquote class=\"inset pullquote-sk2\">\n<p class=\"mce\"><span style=\"font-family: arial, helvetica, sans-serif; font-size: 14pt;\">\u00abLo cierto es que el proyecto refuerza la vinculaci\u00f3n pol\u00edtica del fiscal con el Gobierno que lo nombra, obvia cualquier contrapeso del Consejo Fiscal y fortalece la estructura personalista del fiscal general, convirtiendo el principio de jerarqu\u00eda en aut\u00e9ntico caudillaje. Lo de la supuesta objetivaci\u00f3n del nombramiento y cese del fiscal general a m\u00ed me parece c\u00f3mico, de verdad\u00bb.<\/span><\/p>\n<\/blockquote>\n<p class=\"mce\" style=\"text-align: justify;\"><span style=\"font-family: arial, helvetica, sans-serif; font-size: 14pt;\">El Proyecto de Ley socialista sali\u00f3 adelante con alguna modificaci\u00f3n relevante, pero en lo esencial tal como hab\u00eda llegado a la Comisi\u00f3n. No ha habido, salvo una peque\u00f1a en 2009, otra reforma de la Ley rectora de la actuaci\u00f3n de los fiscales. Han pasado diez a\u00f1os y ahora gobierna quien consideraba el principio de jerarqu\u00eda en la Fiscal\u00eda como un \u00abaut\u00e9ntico caudillaje\u00bb.<\/span><\/p>\n<p class=\"mce\" style=\"text-align: justify;\"><span style=\"font-family: arial, helvetica, sans-serif; font-size: 14pt;\">Pero ahora lo hace con otro tono, con toda la comprensi\u00f3n del mundo, ensalzando la autonom\u00eda de la Fiscal\u00eda \u2013nada queda ya de aquella \u00abvinculaci\u00f3n pol\u00edtica\u00bb con el Gobierno\u2013 y resaltando la vigencia de los instrumentos internos de resistencia profesional a las instrucciones de la jerarqu\u00eda. \u00a0\u00a0\u00a0\u00a0<\/span><\/p>\n<p class=\"mce\" style=\"text-align: justify;\"><span style=\"font-family: arial, helvetica, sans-serif; font-size: 14pt;\">Imaginemos por un momento que a aquel pol\u00edtico del PP que combat\u00eda con fiereza por la autonom\u00eda de la Fiscal\u00eda en el a\u00f1o 2007 se le hubiera presentado una situaci\u00f3n como la de ahora. Es decir:<\/span><\/p>\n<ul class=\"mce\" style=\"text-align: justify;\">\n<li class=\"mce\"><span style=\"font-family: arial, helvetica, sans-serif; font-size: 14pt;\">Un nuevo fiscal jefe Anticorrupci\u00f3n que es elegido tras saberse que quienes van a ser investigados por \u00e9l \u2013personas que han ostentado cargos de enorme importancia pol\u00edtica en el Partido que gobierna\u2013 conspiran para que gane la plaza;<\/span><\/li>\n<li class=\"mce\"><span style=\"font-family: arial, helvetica, sans-serif; font-size: 14pt;\">que se le nombra dando p\u00e1bulo a la suposici\u00f3n de que los investigados tienen el poder suficiente para que el Gobierno se mueva para nombrarles un fiscal a medida;<\/span><\/li>\n<li class=\"mce\"><span style=\"font-family: arial, helvetica, sans-serif; font-size: 14pt;\">que el fiscal general en funciones no est\u00e1 de acuerdo con ese nombramiento ni tampoco con descabalgar a otro fiscal jefe de la Jefatura de la Audiencia Nacional \u2013quiz\u00e1 la m\u00e1s importante Fiscal\u00eda de Espa\u00f1a\u2013, con el resultado de que el Gobierno no renueva a ese fiscal general en funciones sin expresar causa alguna;<\/span><\/li>\n<li class=\"mce\"><span style=\"font-family: arial, helvetica, sans-serif; font-size: 14pt;\">que el nuevo fiscal general es advertido por doble v\u00eda de las conversaciones interceptadas de los investigados que le elogian a \u00e9l mismo, y tambi\u00e9n al candidato que los investigados desean para Anticorrupci\u00f3n;<\/span><\/li>\n<li class=\"mce\"><span style=\"font-family: arial, helvetica, sans-serif; font-size: 14pt;\">que a pesar de eso, la Asociaci\u00f3n de Fiscales \u2013cuyo anterior portavoz dej\u00f3 la portavoc\u00eda hace unos meses al ser fichado como asesor del ministro\u2013 concede sus votos, los \u00fanicos que obtiene el pol\u00e9mico candidato en el Consejo Fiscal, al deseado por los investigados;<\/span><\/li>\n<li class=\"mce\"><span style=\"font-family: arial, helvetica, sans-serif; font-size: 14pt;\">y que el nuevo portavoz de la mencionada asociaci\u00f3n es elegido en el mismo Consejo Fiscal como fiscal jefe de la Fiscal\u00eda de la Audiencia Nacional, siendo el m\u00e1s moderno de todos los peticionarios, tambi\u00e9n \u00fanicamente con los votos de la Asociaci\u00f3n de Fiscales, con lo cual se produce tambi\u00e9n el cambio en la Jefatura de esa Fiscal\u00eda que no quer\u00eda el anterior fiscal general.<\/span><\/li>\n<\/ul>\n<p class=\"mce\" style=\"text-align: justify;\"><span style=\"font-family: arial, helvetica, sans-serif; font-size: 14pt;\">Imaginemos que esa situaci\u00f3n se complica con una actuaci\u00f3n en la que, desde los primeros d\u00edas, surgen dificultades entre los fiscales que llevan el asunto contra uno de los interlocutores en las conversaciones y el fiscal jefe reci\u00e9n elegido, que trascienden y crean una enorme alarma social.<\/span><\/p>\n<p class=\"mce\" style=\"text-align: justify;\"><span style=\"font-family: arial, helvetica, sans-serif; font-size: 14pt;\">\u00bfQu\u00e9 dir\u00eda ese pol\u00edtico que tan acertadamente criticaba el proyecto de ley socialista sobre \u00abla vinculaci\u00f3n pol\u00edtica del fiscal con el Gobierno\u00bb? \u00bfQu\u00e9 hubiera dicho el PP ante esta situaci\u00f3n si afectara a otro partido? \u00bfNo hablar\u00eda de politizaci\u00f3n, de \u00abcaudillaje\u00bb, de dimisiones y ceses? Yo imagino cosas muy parecidas a las que ahora se oyen desde la oposici\u00f3n y me parecer\u00eda perfectamente bien.\u00a0<\/span><\/p>\n<p class=\"mce\" style=\"text-align: justify;\"><span style=\"font-family: arial, helvetica, sans-serif; font-size: 14pt;\">El problema de estas hipocres\u00edas, que alguno ver\u00e1 l\u00edcitas en el juego pol\u00edtico, es que aqu\u00ed afectan a la Justicia. Que la Justicia debe estar ajena a estas maniobras y que todos deber\u00edan tener la misma sensibilidad ante los ataques a la imparcialidad de la Justicia, de la Fiscal\u00eda en este caso, vinieran de donde vinieran. Abochorna, sin embargo, ver que se sigue considerando la Fiscal\u00eda como bot\u00edn electoral y que todo cuanto se dijo antes en la oposici\u00f3n sobre la manipulaci\u00f3n pol\u00edtica de la Justicia se olvida tan r\u00e1pido como se tarda en formar Gobierno. \u00a0\u00a0<\/span><\/p>\n<p class=\"mce\" style=\"text-align: justify;\"><span style=\"font-family: arial, helvetica, sans-serif; font-size: 14pt;\">Me atrevo a asegurar que ah\u00ed est\u00e1 una de las causas de la corrupci\u00f3n asfixiante que padecemos, ya que la relaci\u00f3n entre la politizaci\u00f3n de la Justicia y la corrupci\u00f3n pol\u00edtica es absolutamente estrecha; y me atrevo tambi\u00e9n a afirmar esto no tendr\u00e1 remedio, por lo que a la Fiscal\u00eda se refiere, hasta que una reforma no cambie el modo de elegir al fiscal general y sea una amplia mayor\u00eda del Congreso la que tome la parte fundamental de esa decisi\u00f3n.\u00a0<\/span><\/p>\n<p class=\"mce\" style=\"text-align: justify;\"><span style=\"font-family: arial, helvetica, sans-serif; font-size: 14pt;\">Por lo que afecta al caso que nos ocupa, hay otra cuesti\u00f3n que creo que hay que abordar.\u00a0 En la Audiencia Nacional fue admitida recientemente la recusaci\u00f3n de algunos magistrados para enjuiciar un asunto concreto por su aparente p\u00e9rdida de imparcialidad objetiva, al haber sido sus carreras profesionales impulsadas por un partido pol\u00edtico afectado por ese procedimiento. Ese factor de p\u00e9rdida objetiva de la imparcialidad debe afectar tambi\u00e9n a los fiscales y singularmente a la jerarqu\u00eda de los fiscales.<\/span><\/p>\n<p class=\"mce\" style=\"text-align: justify;\"><span style=\"font-family: arial, helvetica, sans-serif; font-size: 14pt;\">Aqu\u00ed no hay duda de que la elecci\u00f3n del fiscal jefe Anticorrupci\u00f3n obedece a una voluntad muy clara del Partido Popular y de un sector de la Fiscal\u00eda af\u00edn al mismo. En mi opini\u00f3n, eso es un problema de origen que suscita dudas sobre el deber de abstenci\u00f3n \u2013a los fiscales no se nos recusa\u2013 de ese fiscal en ciertos asuntos, lo que no deja de ser un inconveniente en la Fiscal\u00eda Anticorrupci\u00f3n. La elecci\u00f3n del fiscal jefe Anticorrupci\u00f3n deber\u00eda, en mi opini\u00f3n, recaer en un profesional de especializaci\u00f3n muy contrastada, pero sobre todo en alguien que no suscite desconfianzas en una parte muy importante de la poblaci\u00f3n y de la inmensa mayor\u00eda del arco parlamentario por su afinidad con quienes le eligen.\u00a0<\/span><\/p>\n<p class=\"mce\" style=\"text-align: justify;\"><span style=\"font-family: arial, helvetica, sans-serif; font-size: 14pt;\">En el \u00e1mbito estrictamente profesional esta situaci\u00f3n es perturbadora para la propia Fiscal\u00eda Anticorrupci\u00f3n. Los fiscales no pueden trabajar as\u00ed, con esta presi\u00f3n diaria. Recuerdo una situaci\u00f3n parecida, de mucha menor intensidad que esta, que sufr\u00ed hace muchos a\u00f1os en la Fiscal\u00eda de Madrid.<\/span><\/p>\n<p class=\"mce\" style=\"text-align: justify;\"><span style=\"font-family: arial, helvetica, sans-serif; font-size: 14pt;\">No hay manera de encontrar sosiego, de encontrar la salida equilibrada al estudio de las causas, a la correcci\u00f3n de las decisiones que se toman; no hay forma de pensar equilibradamente las estrategias procesales a seguir si el fiscal jefe es noticia permanente, si est\u00e1 en revisi\u00f3n todo el sistema organizativo, si se dan \u00f3rdenes o instrucciones contrarias a la l\u00ednea que sosten\u00eda el anterior fiscal jefe; si tienes el temor de que te quiten los asuntos que has llevado en el pasado y que conoces profundamente. \u00a0\u00a0<\/span><\/p>\n<p class=\"mce\" style=\"text-align: justify;\"><span style=\"font-family: arial, helvetica, sans-serif; font-size: 14pt;\">Estoy seguro de que tampoco el fiscal jefe, al que conozco desde hace muchos a\u00f1os, puede trabajar con eficacia en estas circunstancias. Si alguien pens\u00f3 que hac\u00eda falta cambiar el modo de actuaci\u00f3n en la Fiscal\u00eda Anticorrupci\u00f3n para mejorar su eficacia habr\u00eda que haber estudiado su funcionamiento antes, actuar con tranquilidad, adoptar medidas organizativas no orientadas en ning\u00fan caso a asuntos concretos que suscitaran la sospecha de intereses pol\u00edticos, pensar a medio plazo, y sobre todo tratar de preservar el prestigio de la Fiscal\u00eda y evitar la sensaci\u00f3n de manipulaci\u00f3n pol\u00edtica de la misma, que en esta Fiscal\u00eda es garant\u00eda de descr\u00e9dito.<\/span><\/p>\n<p class=\"mce\" style=\"text-align: justify;\"><span style=\"font-family: arial, helvetica, sans-serif; font-size: 14pt;\">Es una pena que el fiscal general no lo vea igual \u2013el que manda, manda\u2013, pero creo que este da\u00f1o se podr\u00eda f\u00e1cilmente haber evitado.<\/span><\/p>\n<p class=\"mce\" style=\"text-align: center;\">*******<\/p>\n<p class=\"mce\" style=\"text-align: justify;\"><span style=\"font-size: 14pt;\"><strong><span style=\"color: #333333; letter-spacing: -0.3pt; font-family: arial, helvetica, sans-serif;\">Salvador Viada Bardaj\u00ed<\/span><\/strong><\/span><\/p>\n<p style=\"overflow: hidden; margin: 0cm 15pt 11.25pt 7.5pt; text-align: justify;\"><span style=\"font-size: 14pt; color: #333333; font-family: arial, helvetica, sans-serif;\">Durante 8 a\u00f1os (1995-2003) fue fiscal de la Fiscal\u00eda Anticorrupci\u00f3n. En enero 2003 fue contratado por el Tribunal Penal para la Antigua Yugoslavia en La Haya, donde actu\u00f3 como fiscal en el caso de Srebrenica. Regres\u00f3 en 2006 a la Fiscal\u00eda del Tribunal Supremo donde permanece en la actualidad. Profesor por muchos a\u00f1os de Derecho Penal y Procesal en diversas universidades, la \u00faltima de esas etapas en la Universidad Complutense de Madrid.<\/span><\/p>\n","protected":false},"excerpt":{"rendered":"<div class=\"mh-excerpt\"><p>LOS TRAPOS SUCIOS Y LA DESLEALTAD, por Pilar Alvarez y Salvador Viada. Art\u00edculo extra\u00eddo del blog Justicia Imparcial: http:\/\/justiciaimparcial.blogspot.com.es Considerar que alguien es desleal por el simple hecho de que intenta defender sus derechos es <a class=\"mh-excerpt-more\" href=\"https:\/\/ausaj.org\/?p=2384\" title=\"Hipocres\u00edas en el discurso pol\u00edtico sobre la Fiscal\u00eda por Salvador Viada Bardaj\u00ed\">[&#8230;]<\/a><\/p>\n<\/div>","protected":false},"author":5,"featured_media":2385,"comment_status":"open","ping_status":"closed","sticky":false,"template":"","format":"standard","meta":{"_exactmetrics_skip_tracking":false,"_exactmetrics_sitenote_active":false,"_exactmetrics_sitenote_note":"","_exactmetrics_sitenote_category":0,"footnotes":""},"categories":[18],"tags":[],"_links":{"self":[{"href":"https:\/\/ausaj.org\/index.php?rest_route=\/wp\/v2\/posts\/2384"}],"collection":[{"href":"https:\/\/ausaj.org\/index.php?rest_route=\/wp\/v2\/posts"}],"about":[{"href":"https:\/\/ausaj.org\/index.php?rest_route=\/wp\/v2\/types\/post"}],"author":[{"embeddable":true,"href":"https:\/\/ausaj.org\/index.php?rest_route=\/wp\/v2\/users\/5"}],"replies":[{"embeddable":true,"href":"https:\/\/ausaj.org\/index.php?rest_route=%2Fwp%2Fv2%2Fcomments&post=2384"}],"version-history":[{"count":1,"href":"https:\/\/ausaj.org\/index.php?rest_route=\/wp\/v2\/posts\/2384\/revisions"}],"predecessor-version":[{"id":2287271,"href":"https:\/\/ausaj.org\/index.php?rest_route=\/wp\/v2\/posts\/2384\/revisions\/2287271"}],"wp:featuredmedia":[{"embeddable":true,"href":"https:\/\/ausaj.org\/index.php?rest_route=\/wp\/v2\/media\/2385"}],"wp:attachment":[{"href":"https:\/\/ausaj.org\/index.php?rest_route=%2Fwp%2Fv2%2Fmedia&parent=2384"}],"wp:term":[{"taxonomy":"category","embeddable":true,"href":"https:\/\/ausaj.org\/index.php?rest_route=%2Fwp%2Fv2%2Fcategories&post=2384"},{"taxonomy":"post_tag","embeddable":true,"href":"https:\/\/ausaj.org\/index.php?rest_route=%2Fwp%2Fv2%2Ftags&post=2384"}],"curies":[{"name":"wp","href":"https:\/\/api.w.org\/{rel}","templated":true}]}}