{"id":2116,"date":"2017-05-02T01:00:45","date_gmt":"2017-05-02T00:00:45","guid":{"rendered":"http:\/\/puntocritico.com\/?p=2116"},"modified":"2023-05-08T09:24:02","modified_gmt":"2023-05-08T09:24:02","slug":"corrupcion-judicial-y-corrupcion-electoral-por-jesus-diaz-formoso","status":"publish","type":"post","link":"https:\/\/ausaj.org\/?p=2116","title":{"rendered":"CORRUPCI\u00d3N JUDICIAL Y CORRUPCI\u00d3N ELECTORAL"},"content":{"rendered":"<blockquote>\n<p style=\"text-align: left;\"><span style=\"font-family: arial, helvetica, sans-serif;\">Por Jes\u00fas D\u00edaz Formoso<\/span><\/p>\n<p style=\"text-align: right;\"><span style=\"font-family: arial, helvetica, sans-serif; font-size: 14pt;\">\u201c<em>No reclamo la ausencia de gobierno, sino en seguida uno mejor<\/em>\u201d (Thoreau).<\/span><\/p>\n<p style=\"text-align: justify;\"><span style=\"font-family: arial, helvetica, sans-serif; font-size: 14pt;\">Abordamos en este art\u00edculo una faceta del Sistema pol\u00edtico que, pese a su excepcional relevancia para nuestra vida pol\u00edtica, es desconocida por la mayor parte de la ciudadan\u00eda, opacada por los Medios Informativos y, lo que es incluso m\u00e1s grave, por la propia clase pol\u00edtica. E intentaremos evaluar la incidencia que la Corrupci\u00f3n Judicial pueda tener sobre los RESULTADOS ELECTORALES; la piedra fundamental de la Sociedad Democr\u00e1tica.<\/span><\/p>\n<p style=\"text-align: justify;\"><span style=\"font-family: arial, helvetica, sans-serif; font-size: 14pt;\">La importancia actual de este aspecto de la Corrupci\u00f3n (<em>que afecta, no ya a los Poderes del Estado, sino la esencia misma del Estado; a su naturaleza pol\u00edtica<\/em>), la marca la Agenda Parlamentaria con la pendencia de una Moci\u00f3n de Censura contra el Gobierno, aparentemente motivada por los graves episodios de Corrupci\u00f3n pol\u00edtica y Judicial que nos asombran estos d\u00edas.<\/span><\/p>\n<p style=\"text-align: justify;\"><span style=\"font-family: arial, helvetica, sans-serif; font-size: 14pt;\">En efecto, la novedad no es la Corrupci\u00f3n Pol\u00edtica; la novedad es que ya tampoco es novedad la Corrupci\u00f3n Judicial; de ese Consejo de Comisarios Pol\u00edticos Judiciales, al que conocemos como Consejo General del Poder Judicial. Ese que nombra -por ejemplo- a los Presidentes de las Audiencias Provinciales y a los de los Tribunales Superiores de Justicia de las CC.AA., o a los Magistrados del Tribunal Supremo, cuya Sala II puede -o no- encarcelar a cualquiera, excepto al rey &#8211; impune por principio.<\/span><\/p>\n<p style=\"text-align: justify;\"><span style=\"font-family: arial, helvetica, sans-serif; font-size: 14pt;\">Pero todos esos jueces nombrados arbitrariamente (<em>en nuestra opini\u00f3n; lamento la permanente coletilla, cuya necesidad es fruto de la Inseguridad Jur\u00eddica del ejercicio del derecho Fundamental a las Libertades de Expresi\u00f3n e Informaci\u00f3n; la posibilidad siempre presente en los \u00faltimos tiempos, de ser condenados por calumnias o injurias a la autoridad; cuanto se expone aqu\u00ed constituye Opini\u00f3n; y argumentaci\u00f3n que apoya esta convicci\u00f3n<\/em>), por los Comisarios Pol\u00edtico-Judiciales, SON PRECISAMENTE QUIENES TIENEN EL CONTROL \u00daLTIMO DE LAS ELECCIONES, por medio de las diferentes JUNTAS ELECTORALES, donde las mayor\u00edas siempre las ostentan los JUECES Y MAGISTRADOS.<\/span><\/p>\n<p style=\"text-align: justify;\"><span style=\"font-family: arial, helvetica, sans-serif; font-size: 14pt;\">Sin embargo, se silencia por completo la din\u00e1mica electoral que ha llevado a la Presidencia del Gobierno espa\u00f1ol al Partido Popular: LAS ELECCIONES del 26 de junio de 2016; en las que fue ejecutado lo que -en nuestra opini\u00f3n- constituye, presuntamente, un Grave DELITO ELECTORAL, que debi\u00f3 dar lugar a la anulaci\u00f3n del resultado y a la repetici\u00f3n de las elecciones; y que se nos ha ocultado por completo. Y la responsabilidad principal de esta ocultaci\u00f3n\u00a0 \u2013de nuevo es nuestra opini\u00f3n; subjetiva, pero bien informada- reside en la CORRUPCI\u00d3N JUDICIAL; trufada con la imprescindible colaboraci\u00f3n del Poder Medi\u00e1tico y de toda la clase pol\u00edtica.<\/span><\/p>\n<p style=\"text-align: justify;\"><span style=\"font-family: arial, helvetica, sans-serif; font-size: 14pt;\">La vigente Ley Org\u00e1nica 5\/1985, de 19 de Junio, del r\u00e9gimen electoral general \u2013LOREG- (<em>al igual que hac\u00eda la anterior Ley Electoral, ahora derogada<\/em>), establece el <strong>absoluto control por parte de los Jueces designados por los comisarios pol\u00edticos del Consejo General del Poder Judicial, de todo el proceso electoral<\/strong>.<\/span><\/p>\n<p style=\"text-align: justify;\"><span style=\"font-family: arial, helvetica, sans-serif; font-size: 14pt;\">As\u00ed, por ejemplo, al m\u00e1ximo nivel (<em>en los niveles inferiores la situaci\u00f3n es la misma<\/em>), el art\u00edculo 9 de la LOREG establece \u201c<em>La Junta Electoral Central es un \u00f3rgano permanente y est\u00e1 compuesta por: a) Ocho Vocales Magistrados del Tribunal Supremo, designados mediante insaculaci\u00f3n por el Consejo General del Poder Judicial. b) Cinco Vocales Catedr\u00e1ticos de Derecho o de Ciencias Pol\u00edticas y de Sociolog\u00eda, en activo, designados a propuesta conjunta de los partidos, federaciones, coaliciones o agrupaciones de electores con representaci\u00f3n en el Congreso de los Diputados<\/em>\u201d; \u201c4. <em>Los Vocales eligen, de entre los de origen judicial, al Presidente y Vicepresidente de la Junta en la sesi\u00f3n constitutiva que se celebrar\u00e1 a convocatoria del Secretario<\/em>. 5. <em>El Presidente de la Junta Electoral Central estar\u00e1 exclusivamente dedicado a las funciones propias de la Junta Electoral desde la convocatoria de un proceso electoral hasta la proclamaci\u00f3n de electos y, en su caso, hasta la ejecuci\u00f3n de las sentencias de los procedimientos contenciosos, incluido el recurso de amparo previsto en el art\u00edculo 114.2 de la presente Ley, a los que haya dado lugar el proceso electoral. A estos efectos, el Consejo General del Poder Judicial proveer\u00e1 las medidas oportunas<\/em>\u201d).<\/span><\/p>\n<p style=\"text-align: justify;\"><span style=\"font-family: arial, helvetica, sans-serif; font-size: 14pt;\">Las Resoluciones de las Juntas Electorales, se pueden impugnar \u2026 ante los Tribunales en que ejercen los mismos Jueces que dictaron tales resoluciones. Absoluto control de la corrupci\u00f3n pol\u00edtica, en su vertiente judicial, del proceso electoral. Hablando claro: \u00bfTu te f\u00edas? Yo no.<\/span><\/p>\n<\/blockquote>\n<p style=\"text-align: center;\"><span style=\"font-family: arial, helvetica, sans-serif; font-size: 14pt;\">*******<\/span><\/p>\n<figure id=\"attachment_2127\" aria-describedby=\"caption-attachment-2127\" style=\"width: 680px\" class=\"wp-caption aligncenter\"><a href=\"https:\/\/ausaj.org\/wp-content\/uploads\/2023\/05\/La_votacion.jpg\"><img fetchpriority=\"high\" decoding=\"async\" class=\"wp-image-2127 size-full\" src=\"https:\/\/ausaj.org\/wp-content\/uploads\/2023\/05\/La_votacion.jpg\" alt=\"\" width=\"680\" height=\"452\" \/><\/a><figcaption id=\"caption-attachment-2127\" class=\"wp-caption-text\"><span style=\"font-family: arial, helvetica, sans-serif; font-size: 12pt;\">La votaci\u00f3n, de William Hogarth<\/span><\/figcaption><\/figure>\n<p style=\"text-align: justify;\"><span style=\"font-family: arial, helvetica, sans-serif; font-size: 14pt;\"><strong>EL PUCHERAZO ELECTORAL: 37 a\u00f1os; y un mont\u00f3n de huesos (con un poco de pellejo alrededor).<\/strong><\/span><\/p>\n<p style=\"text-align: justify;\"><span style=\"font-family: arial, helvetica, sans-serif; font-size: 14pt;\"><strong><em>Una noticia inexacta sobre el resultado electoral, publicada masivamente horas antes del cierre de las Urnas, que llama a votar al PP, es un acto de campa\u00f1a electoral. No estamos ante un asunto trivial. Estamos ante la esencia de la Democracia: El proceso electoral. Dirigido -asombroso- por aqu\u00e9llos a quienes no hemos elegido: Las Juntas Electorales. O lo que es lo mismo: Jueces y Catedr\u00e1ticos. Ya est\u00e1n todos: Pol\u00edticos, Banqueros, Jueces y Catedr\u00e1ticos. Todos ellos contra el Pueblo. No les gustamos. Nos necesitan, pero no quieren que\u00a0 pensemos. Sediciosos contra el Pueblo<\/em><\/strong>.<\/span><\/p>\n<p style=\"text-align: justify;\"><span style=\"font-family: arial, helvetica, sans-serif; font-size: 14pt;\">A las cinco de la tarde, como los toros. Esa era la hora a partir de la cual mucha gente se levant\u00f3 de la hamaca de la playa o cogi\u00f3 el coche desde la monta\u00f1a, otros despertaron s\u00fabitamente de su pl\u00e1cida siesta, y a toda velocidad, todos ellos, se dirigieron, con el carnet de identidad en la boca, a su colegio electoral con la firme convicci\u00f3n de evitar que una especie de hibrido entre Ch\u00e1vez y Stalin, un peligros\u00edsimo b\u00edpedo implume, mediante la t\u00e9cnica del \u201csorpasso\u201d, pudiese okupar la Presidencia del Gobierno espa\u00f1ol, con el apoyo del PSOE. Se lo acababan de contar todas las teles, radios y diarios digitales. Pero todav\u00eda ten\u00edan unas pocas horas para impedirlo, obviamente, con su voto al PP. Con las prisas, incluso se olvidaron de coger la pinza para la nariz.<\/span><\/p>\n<p style=\"text-align: justify;\"><span style=\"font-family: arial, helvetica, sans-serif; font-size: 14pt;\">Era el 26 de junio de 2016.<\/span><\/p>\n<p style=\"text-align: justify;\"><span style=\"font-family: arial, helvetica, sans-serif; font-size: 14pt;\">Como muestra, un bot\u00f3n:<\/span><\/p>\n<figure id=\"attachment_2151\" aria-describedby=\"caption-attachment-2151\" style=\"width: 300px\" class=\"wp-caption aligncenter\"><a href=\"https:\/\/ausaj.org\/wp-content\/uploads\/2023\/05\/Elecciones_2016_17horas.jpg\"><img decoding=\"async\" class=\"wp-image-2151\" src=\"https:\/\/ausaj.org\/wp-content\/uploads\/2023\/05\/Elecciones_2016_17horas.jpg\" alt=\"\" width=\"300\" height=\"437\" \/><\/a><figcaption id=\"caption-attachment-2151\" class=\"wp-caption-text\"><span style=\"font-family: arial, helvetica, sans-serif; font-size: 12pt;\"><a href=\"http:\/\/www.elperiodico.com\/es\/noticias\/politica\/encuestas-electorales-pie-urna-elecciones-2016-5229898\">A LAS 17\u00b400H &#8211; \u201cEl PP gana las elecciones y Podemos sobrepasa al PSOE, seg\u00fan las encuestas a pie de urna\u201d.<\/a><\/span><\/figcaption><\/figure>\n<p style=\"text-align: justify;\"><span style=\"font-family: arial, helvetica, sans-serif; font-size: 14pt;\">Con ello, se informaba de que el Gobierno ser\u00eda presidido por Podemos, al tener m\u00e1s diputados que el PSOE; o lo que es lo mismo, se llam\u00f3 a votar al PP para evitar esta posibilidad, que, falazmente y, en nuestra opini\u00f3n, de manera claramente intencional, condicion\u00f3 el resultado electoral<\/span><\/p>\n<p style=\"text-align: justify;\"><span style=\"font-family: arial, helvetica, sans-serif; font-size: 14pt;\">Es la t\u00e9cnica del voto del miedo, esta vez ejecutada sin sonrojo, por medio de actos presuntamente delictivos. Es la valent\u00eda que surge de la conciencia de la impunidad de los ganadores de la Guerra Civil y sus mamporreros.<\/span><\/p>\n<p style=\"text-align: justify;\"><span style=\"font-family: arial, helvetica, sans-serif; font-size: 14pt;\">La campa\u00f1a del miedo hab\u00eda acabado ya; pero no hab\u00edan logrado atemorizarnos como quer\u00edan; muchos votantes estaban absolutamente desmotivados y la abstenci\u00f3n era su refugio. Y eso no pod\u00eda ser: El Sistema de esta sociedad \u201catada y bien atada\u201d presentaba grietas, que inquietaban al poder real; a \u201cLos Mercados\u201d, que aunque no lo parezca, es un sujeto real formado por \u00bfpersonas? con nombre y apellidos; con muy poca variedad de apellidos, en realidad.<\/span><\/p>\n<p style=\"text-align: justify;\"><span style=\"font-family: arial, helvetica, sans-serif; font-size: 14pt;\">La llamada al voto que se produjo, mediante la, vistos los resultados electorales publicados, \u00a0falsedad de la informaci\u00f3n, por lo dem\u00e1s delictiva (presuntamente, vaya papel\u00f3n presunto) en la misma tarde del d\u00eda de las elecciones -26J- era incuestionablemente la llamada a votar al PP.<\/span><\/p>\n<p style=\"text-align: justify;\"><span style=\"font-family: arial, helvetica, sans-serif; font-size: 14pt;\">Y esos votos tard\u00edos, computaron. Y lo cambiaron todo. Los resultados dependen m\u00e1s de los \u00faltimos votos (restos) que de los dem\u00e1s; ellos son los que asignan los \u00faltimos diputados de cada circunscripci\u00f3n. PUCHERAZO.<\/span><\/p>\n<p style=\"text-align: justify;\"><span style=\"font-family: arial, helvetica, sans-serif; font-size: 14pt;\">Conforme al art\u00edculo\u00a0 50. 4 &#8211; LOREG \u201c<em>se entiende por campa\u00f1a electoral, a efectos de esta Ley, el conjunto de actividades l\u00edcitas llevadas a cabo por los candidatos, partidos, federaciones, coaliciones o agrupaciones <strong>en orden a la captaci\u00f3n de sufragios<\/strong><\/em>\u201d.\u00a0<\/span><\/p>\n<p style=\"text-align: justify;\"><span style=\"font-family: arial, helvetica, sans-serif; font-size: 14pt;\">El momento de las elecciones es el momento\u00a0 en el que el ciudadano\u00a0 ha\u00a0 de sentirse m\u00e1s libre\u00a0 para\u00a0\u00a0 ejercer su derecho al voto. Por ello, la Ley Electoral (LO 5\/1985, de R\u00e9gimen Electoral General -LOREG) en su A<strong>rt\u00edculo 144<\/strong>: <strong>Delitos en materia de propaganda electoral<\/strong>, dispone:<\/span><\/p>\n<ol style=\"text-align: justify;\">\n<li><span style=\"font-family: arial, helvetica, sans-serif; font-size: 14pt;\">Ser\u00e1n castigados con la pena de prisi\u00f3n de tres meses a un a\u00f1o o la de multa de seis a veinticuatro meses quienes lleven a cabo alguno de los actos siguientes: a) Realizar actos de propaganda una vez finalizado el plazo de la campa\u00f1a electoral\u201d.<br \/>\n<\/span><\/li>\n<\/ol>\n<figure id=\"attachment_2136\" aria-describedby=\"caption-attachment-2136\" style=\"width: 350px\" class=\"wp-caption alignright\"><a href=\"https:\/\/ausaj.org\/wp-content\/uploads\/2023\/05\/MAPRATRANSPARENCIAINTERNACIONAL2016.jpg\"><img decoding=\"async\" class=\"wp-image-2136\" src=\"https:\/\/ausaj.org\/wp-content\/uploads\/2023\/05\/MAPRATRANSPARENCIAINTERNACIONAL2016.jpg\" alt=\"\" width=\"350\" height=\"247\" \/><\/a><figcaption id=\"caption-attachment-2136\" class=\"wp-caption-text\">Espa\u00f1a ha obtenido 58 puntos en el \u00cdndice de percepci\u00f3n de la Corrupci\u00f3n que publica la Organizaci\u00f3n para la transparencia Internacional.Su puntuaci\u00f3n no ha sufrido ning\u00fan cambio respecto a la obtenida en 2015, as\u00ed pues sus ciudadanos mantienen estable su percepci\u00f3n de la corrupci\u00f3n en Espa\u00f1a. A pesar de ello, Espa\u00f1a empeora su posici\u00f3n respecto al resto de los pa\u00edses hasta el puesto 41 del ranking de percepci\u00f3n de corrupci\u00f3n formado por 176 pa\u00edses (ranking en el que uno es el porcentaje de mayor corrupci\u00f3n y 100 el de menor).<\/figcaption><\/figure>\n<p style=\"text-align: justify;\"><span style=\"font-family: arial, helvetica, sans-serif; font-size: 14pt;\">Y, el d\u00eda de las elecciones, como es obvio, HA FINALIZADO LA CAMPA\u00d1A ELECTORAL (as\u00ed, conforme al Art\u00edculo 51, 3\u00ba \u2013 LOREG, La campa\u00f1a electoral \u201cTermina, en todo caso, a las cero horas del d\u00eda inmediatamente anterior a la votaci\u00f3n\u201d).<\/span><\/p>\n<p style=\"text-align: justify;\"><span style=\"font-family: arial, helvetica, sans-serif; font-size: 14pt;\">Hay otros tipos delictivos presuntamente aplicables a este supuesto, como el del Art\u00edculo 145\u00a0 \u2013 LOREG (<strong>Delitos en materia de encuestas electorales<\/strong>:\u00a0<\/span><span style=\"font-family: arial, helvetica, sans-serif; font-size: 14pt;\">Quienes infrinjan la normativa vigente en materia de encuestas electorales ser\u00e1n castigados con la pena de prisi\u00f3n de tres meses a un a\u00f1o, multa de doce a veinticuatro meses e inhabilitaci\u00f3n especial para profesi\u00f3n, oficio, industria o comercio por tiempo de uno a tres a\u00f1os), los tipificados en los art\u00edculos 140 y 141 (\u00e9ste \u00faltimo ser\u00eda aplicable a SIGMA DOS, la \u201cencuestadora\u201d fraudulenta del PP y CiU), ambos de la LOREG, as\u00ed como el Delito gen\u00e9rico del Art\u00edculo 404 del C\u00f3digo Penal (Prevaricaci\u00f3n Administrativa), o el Delito previsto en el art\u00edculo 450 del mismo C\u00f3digo Penal, al dejar de perseguir los delitos de que tengan conocimiento, entre otros, que dejaremos s\u00f3lo apuntados ahora. No abundaremos m\u00e1s sobre los posibles concursos de normas y calificaciones alternativas, excede de nuestro prop\u00f3sito.<\/span><\/p>\n<p style=\"text-align: justify;\"><span style=\"font-family: arial, helvetica, sans-serif; font-size: 14pt;\">La cuesti\u00f3n en la que queremos poner el acento es que la novedad no es la Corrupci\u00f3n Pol\u00edtica; la novedad es que ya tampoco es novedad la corrupci\u00f3n judicial; de ese Consejo de Comisarios Pol\u00edticos Judiciales, al que conocemos como Consejo General del Poder Judicial. Ese que nombra -por ejemplo- a los Presidentes de las Audiencias Provinciales y a los de los Tribunales Superiores de Justicia de las CC.AA., y a los Magistrados del Tribunal Supremo, ese cuya Sala II puede -o no- encarcelar a cualquiera, excepto al reyecito impune por principio.<\/span><\/p>\n<p style=\"text-align: justify;\"><span style=\"font-family: arial, helvetica, sans-serif; font-size: 14pt;\">Pero esos jueces nombrados \u201cdigitalmente\u201d por los Comisarios Pol\u00edtico-Judiciales, SON PRECISAMENTE QUIENES TIENEN EL CONTROL \u00faltimo DE LAS ELECCIONES, por medio de las diferentes JUNTAS ELECTORALES, donde las mayor\u00edas siempre las ostentan los JUECES Y MAGISTRADOS.<\/span><\/p>\n<p style=\"text-align: justify;\"><span style=\"font-family: arial, helvetica, sans-serif; font-size: 14pt;\">La actual Ley Org\u00e1nica 5\/1985, de 19 de Junio, del r\u00e9gimen electoral general, como la anterior, establece el absoluto control por parte de los Jueces elegidos a dedo por los comisarios pol\u00edticos del Consejo General del Poder Judicial, de todo el proceso electoral.<\/span><\/p>\n<figure id=\"attachment_2128\" aria-describedby=\"caption-attachment-2128\" style=\"width: 680px\" class=\"wp-caption aligncenter\"><a href=\"https:\/\/ausaj.org\/wp-content\/uploads\/2023\/05\/El_triunfo_del_elegido.jpg\"><img loading=\"lazy\" decoding=\"async\" class=\"wp-image-2128 size-full\" src=\"https:\/\/ausaj.org\/wp-content\/uploads\/2023\/05\/El_triunfo_del_elegido.jpg\" alt=\"\" width=\"680\" height=\"452\" \/><\/a><figcaption id=\"caption-attachment-2128\" class=\"wp-caption-text\"><span style=\"font-family: arial, helvetica, sans-serif; font-size: 12pt;\">El triunfo del elegido, de William Hogarth<\/span><\/figcaption><\/figure>\n<p style=\"text-align: justify;\"><span style=\"font-family: arial, helvetica, sans-serif; font-size: 14pt;\">Por ejemplo, al m\u00e1ximo nivel (en los niveles inferiores la situaci\u00f3n es la misma), el art 9 de la LOREG establece \u201cLa Junta Electoral Central es un \u00f3rgano permanente y est\u00e1 compuesta por: a) Ocho Vocales Magistrados del Tribunal Supremo, designados mediante insaculaci\u00f3n por el Consejo General del Poder Judicial. b) Cinco Vocales Catedr\u00e1ticos de Derecho o de Ciencias Pol\u00edticas y de Sociolog\u00eda, en activo, designados a propuesta conjunta de los partidos, federaciones, coaliciones o agrupaciones de electores con representaci\u00f3n en el Congreso de los Diputados\u201d; \u201c4. Los Vocales eligen, de entre los de origen judicial, al Presidente y Vicepresidente de la Junta en la sesi\u00f3n constitutiva que se celebrar\u00e1 a convocatoria del Secretario. 5. El Presidente de la Junta Electoral Central estar\u00e1 exclusivamente dedicado a las funciones propias de la Junta Electoral desde la convocatoria de un proceso electoral hasta la proclamaci\u00f3n de electos y, en su caso, hasta la ejecuci\u00f3n de las sentencias de los procedimientos contenciosos, incluido el recurso de amparo previsto en el art\u00edculo 114.2 de la presente Ley, a los que haya dado lugar el proceso electoral. A estos efectos, el Consejo General del Poder Judicial proveer\u00e1 las medidas oportunas\u201d.<\/span><\/p>\n<p style=\"text-align: justify;\"><span style=\"font-family: arial, helvetica, sans-serif; font-size: 14pt;\">Las Resoluciones de las Juntas electorales, se pueden impugnar \u2026 ante los Tribunales. Absoluto control de la corrupci\u00f3n pol\u00edtica, en su vertiente judicial, del proceso electoral.<\/span><\/p>\n<p style=\"text-align: justify;\"><span style=\"font-family: arial, helvetica, sans-serif; font-size: 14pt;\">En cualquier caso, curiosamente nadie, que se conozca, formul\u00f3 protesta o queja alguna. Es m\u00e1s, entendemos que ha existido una dejaci\u00f3n de funciones por parte de la propia Administraci\u00f3n electoral, cuya mayor\u00eda, insistimos, en todos los casos, est\u00e1 conformada por Jueces.<\/span><\/p>\n<p style=\"text-align: center;\"><span style=\"font-family: arial, helvetica, sans-serif; font-size: 14pt;\">*******<\/span><\/p>\n<figure id=\"attachment_2125\" aria-describedby=\"caption-attachment-2125\" style=\"width: 680px\" class=\"wp-caption aligncenter\"><a href=\"https:\/\/ausaj.org\/wp-content\/uploads\/2023\/05\/El_banquete.jpg\"><img loading=\"lazy\" decoding=\"async\" class=\"wp-image-2125 size-full\" src=\"https:\/\/ausaj.org\/wp-content\/uploads\/2023\/05\/El_banquete.jpg\" alt=\"\" width=\"680\" height=\"452\" \/><\/a><figcaption id=\"caption-attachment-2125\" class=\"wp-caption-text\">El banquete, de William Hogarth. Tiempo de elecciones y viejas ma\u00f1as: a mediados del siglo XVIII, en Inglaterra, las retrat\u00f3 con humor vitri\u00f3lico William Hogarth \u2013el divertido brib\u00f3n, a juicio de Swift\u2013, en los cuatro cuadros (y otros tantos grabados) que componen \u00a0la serie \u00abLa campa\u00f1a electoral\u00bb: \u00abEl banquete\u00bb, \u00abLa visita del candidato\u00bb, \u00abLa votaci\u00f3n\u00bb y \u00abEl triunfo del elegido\u00bb, que hemos reproducido a lo largo de este articulo.<\/figcaption><\/figure>\n<p style=\"text-align: center;\">*******<\/p>\n<p style=\"text-align: justify;\"><span style=\"font-family: arial, helvetica, sans-serif; font-size: 14pt;\">Les dejamos con un art\u00edculo escrito en el a\u00f1o 2011, relativo a la prohibici\u00f3n de manifestaciones convocadas en mayo de 2011, por ciudadanos ajenos a partidos pol\u00edticos; para nosotros si hay un r\u00edgido control electoral; tan r\u00edgido que se extralimita abiertamente en cuanto a la competencia de las Junta Electorales; antes por defecto, aqu\u00ed por exceso; siempre perjudicial para los ciudadanos y nuestros Derechos Humanos, a la vez que siempre favorable a la Corrupci\u00f3n Pol\u00edtica:<\/span><\/p>\n<table style=\"padding: 20px;\">\n<tbody>\n<tr>\n<td style=\"background-color: #87ceec;\">\n<p style=\"text-align: justify;\"><span style=\"font-family: arial, helvetica, sans-serif; font-size: 14pt;\"><strong><em>Ni el pulpo es un animal de compa\u00f1\u00eda, ni una manifestaci\u00f3n contra pol\u00edticos y banqueros es un acto de campa\u00f1a electoral. Pero no estamos ante un asunto trivial. Estamos ante la esencia de la Democracia: El proceso electoral. Dirigido -asombroso- por aqu\u00e9llos a quienes no hemos elegido: Las Juntas Electorales. O lo que es lo mismo: Jueces y Catedr\u00e1ticos. Ya est\u00e1n todos: Pol\u00edticos, Banqueros, Jueces y Catedr\u00e1ticos. Todos ellos contra el Pueblo. No les gustamos. Nos\u00a0 necesitan, pero no quieren que\u00a0 pensemos. Por eso, \u201cnos quieren disolver\u201d.\u00a0 Sediciosos contra el Pueblo.<\/em><\/strong><\/span><\/p>\n<p style=\"text-align: justify;\"><span style=\"font-family: arial, helvetica, sans-serif; font-size: 14pt;\">Libertad. Prohibici\u00f3n. Dos ant\u00f3nimos que pretenden hacernos creer que son compatibles. Pero no es as\u00ed.\u00a0 La primera\u00a0 hab\u00eda\u00a0 perdido ya\u00a0 en\u00a0 exceso\u00a0 su\u00a0 valor\u00a0\u00a0 y\u00a0 su valoraci\u00f3n\u00a0 frente\u00a0 a un\u00a0\u00a0 concepto indeterminado y\u00a0 acreedor\u00a0 del miedo\u00a0 como es\u00a0 la\u00a0 \u201cseguridad\u201d.\u00a0 Sin\u00a0 embargo,\u00a0 en\u00a0 las \u00faltimas semanas, en los \u00faltimos d\u00edas y horas, se ha producido\u00a0 una ignominia\u00a0 mayor si\u00a0 cabe: la\u00a0 prohibici\u00f3n\u00a0 de las\u00a0 convocatorias\u00a0 de reuni\u00f3n\u00a0 o manifestaci\u00f3n habidas\u00a0 a lo largo\u00a0 del\u00a0 territorio nacional al\u00a0 socaire del movimiento participativo social,\u00a0 prohibici\u00f3n confirmada o permitida judicialmente. Este hecho debe\u00a0 considerarse especialmente alarmante, pues\u00a0 afecta a varios de nuestros Derechos Fundamentales,\u00a0 en especial\u00a0 a la\u00a0 libertad\u00a0 de\u00a0 expresi\u00f3n\u00a0 y\u00a0 al\u00a0 de reuni\u00f3n de\u00a0 los\u00a0 art\u00edculos 20\u00a0 y\u00a0 21\u00a0 del texto \u00a0constitucional; y la alarma debe centrarse, principalmente, en la circunstancia\u00a0 de que\u00a0 tal prohibici\u00f3n\u00a0 se\u00a0 enmascara\u00a0 de\u00a0 legalidad, una\u00a0 legalidad\u00a0 aparente o\u00a0 de\u00a0 apariencia que\u00a0 se instrumentaliza\u00a0 para\u00a0 la\u00a0 limitaci\u00f3n injustificada\u00a0 de nuestras\u00a0 garant\u00edas.<\/span><\/p>\n<p style=\"text-align: justify;\"><span style=\"font-family: arial, helvetica, sans-serif; font-size: 14pt;\">\u00a0As\u00ed,\u00a0 en un principio,\u00a0 en la\u00a0 Resoluci\u00f3n de la\u00a0 Junta Electoral\u00a0 Provincial (JEP)\u00a0 de Toledo, primer\u00a0 acto, en nuestra opini\u00f3n, contrario a la libertad que se dicta y que, extra\u00f1amente,\u00a0 no\u00a0 alcanza ninguna repercusi\u00f3n medi\u00e1tica,\u00a0 se\u00a0 produce la prohibici\u00f3n al considerar que, con su contenido cr\u00edtico a\u00a0 la\u00a0 clase pol\u00edtica y\u00a0 a la estructura\u00a0 financiera \u00a0en general, se da un acto de\u00a0 \u201cfavorecimiento\u00a0 negativo\u201d,\u00a0 esto es,\u00a0 la\u00a0 critica\u00a0 va\u00a0 en detrimento del\u00a0 partido en el poder. Sin embargo, la\u00a0 interpretaci\u00f3n\u00a0 es err\u00f3nea.\u00a0 Tanto\u00a0 en\u00a0 el\u00a0 propio hecho de la adopci\u00f3n del\u00a0 acuerdo como en su contenido\u00a0 se\u00a0\u00a0 acude\u00a0 a\u00a0 una\u00a0 falacia\u00a0 para\u00a0 justificar lo injustificable.<\/span><\/p>\n<p style=\"text-align: justify;\"><span style=\"font-family: arial, helvetica, sans-serif; font-size: 14pt;\">\u00a0Las manifestaciones sociales, recientemente prohibidas por la Junta Electoral Central,\u00a0 decisi\u00f3n\u00a0 confirmada en la\u00a0 noche de\u00a0 ayer,\u00a0 viernes\u00a0 20\u00a0 de\u00a0 mayo,\u00a0 que\u00a0 de forma espont\u00e1nea y absolutamente\u00a0 descentralizada,\u00a0 se est\u00e1n produciendo, deben\u00a0 entenderse absolutamente leg\u00edtimas. El\u00a0 Poder olvida\u00a0 su obligaci\u00f3n esencial\u00a0 de proteger\u00a0 a los ciudadanos\u00a0 en\u00a0 el\u00a0 ejercicio\u00a0 de sus derechos individuales y colectivos y se convierte \u00e9l mismo en el\u00a0 elemento de perturbaci\u00f3n de\u00a0 dicho ejercicio.\u00a0 Dicha obligaci\u00f3n, en el caso espec\u00edfico\u00a0 de\u00a0 la libertad\u00a0 de\u00a0 reuni\u00f3n o manifestaci\u00f3n, viene\u00a0 expresamente\u00a0 establecida\u00a0 en el\u00a0 mismo\u00a0 articulado de la Ley Org\u00e1nica\u00a0 9\/1983, de\u00a0 15\u00a0 de julio (art. 3), sin embargo se ha preferido obviarla, contravenirla. Y\u00a0 es que, por mucho\u00a0 que\u00a0 se nos diga,\u00a0\u00a0 no se puede\u00a0 calificar\u00a0 de\u00a0 acto\u00a0 de\u00a0 campa\u00f1a\u00a0 electoral\u00a0 (<em>\u00e1mbito al que se circunscribe realmente\u00a0 la\u00a0 normativa y competencias\u00a0 de las\u00a0 diferentes\u00a0 Juntas\u00a0 Electorales y que\u00a0 en \u00faltimo\u00a0 t\u00e9rmino\u00a0 s\u00ed\u00a0 que\u00a0 faculta\u00a0 a la limitaci\u00f3n\u00a0 o\u00a0 restricci\u00f3n<\/em>), aqu\u00e9l\u00a0 que viene convocado por la sociedad misma, por ciudadanos, particulares e independientes, sin personalidad\u00a0 jur\u00eddica\u00a0 definida y variopinto origen, que adem\u00e1s no\u00a0 cumple ninguna\u00a0 finalidad electoralista, no pretende\u00a0 recabar\u00a0 voto alguno.<\/span><\/p>\n<p style=\"text-align: justify;\"><span style=\"font-family: arial, helvetica, sans-serif; font-size: 14pt;\">Cualquier otra cosa incumple la Ley, ya que\u00a0 seg\u00fan el propio art\u00edculo\u00a0 50. 4 LOREG \u201c<em>se entiende por <strong>campa\u00f1a electoral<\/strong>, a efectos de esta Ley, el conjunto de actividades l\u00edcitas llevadas a cabo por los candidatos, partidos, federaciones, coaliciones o agrupaciones <strong>en orden a la captaci\u00f3n de sufragios<\/strong><\/em>\u201d. As\u00ed, en vez\u00a0 de reconocer simplemente que los ciudadanos tienen derecho a\u00a0\u00a0\u00a0 manifestar su rechazo en todo momento y ocasi\u00f3n a una situaci\u00f3n insostenible, que\u00a0 arrastr\u00e1ndose desde el inicio de los tiempos, ha llegado a su punto culminante con la\u00a0 coyuntura\u00a0 econ\u00f3mica\u00a0 que\u00a0 atravesamos, donde\u00a0 la\u00a0 mendacidad, inopia mental y ego\u00edsmo de nuestros\u00a0 pol\u00edticos (gobernantes y oposici\u00f3n, de cualesquiera signo o tendencia)\u00a0 y\u00a0 la\u00a0 falta\u00a0 de\u00a0 escr\u00fapulos\u00a0 del\u00a0 sistema\u00a0 bancario\u00a0 (inter)nacional\u00a0 est\u00e1\u00a0 castigando\u00a0 duramente\u00a0 a\u00a0 las clases\u00a0 no dominantes, \u00a0en vez de reconocer todo esto, decimos, se prefiere impedir el ejercicio de la\u00a0 Libertad,\u00a0 consider\u00e1ndose\u00a0 acto\u00a0 electoral o de campa\u00f1a\u00a0 lo que por definici\u00f3n no lo es.<\/span><\/p>\n<p style=\"text-align: justify;\"><span style=\"font-family: arial, helvetica, sans-serif; font-size: 14pt;\">Y\u00a0 esto es\u00a0 arropado\u00a0 incluso por\u00a0 el Poder Judicial, los grandes\u00a0 consentidores\u00a0 de la situaci\u00f3n;\u00a0 ya\u00a0 que\u00a0 aun\u00a0 desconoci\u00e9ndose\u00a0 al momento de redacci\u00f3n de este articulo lo que pudiere haber ocurrido con alguno de los recursos\u00a0 planteados frente a la precitada Resoluci\u00f3n JEP de Toledo en el orden jurisdiccional\u00a0 contencioso-administrativo,\u00a0 s\u00ed podemos decir\u00a0 que\u00a0 tanto la\u00a0 abstenci\u00f3n\u00a0 en su voto,\u00a0 clara y mayoritaria\u00a0 de los\u00a0\u00a0 integrantes\u00a0 de la\u00a0 magistratura\u00a0 (<em>que seg\u00fan ley, conforman la composici\u00f3n de\u00a0 la\u00a0\u00a0 Junta\u00a0 Electoral Central , \u00f3rgano\u00a0\u00a0 que ha\u00a0 decidido sobre\u00a0 la\u00a0 consulta\u00a0 realizada por la Abogac\u00eda\u00a0 del Estado\u00a0 en diferentes\u00a0 sedes\u00a0 y\u00a0 en recurso contra\u00a0 alguna\u00a0 decisi\u00f3n de\u00a0 igual\u00a0 sentido que\u00a0 la acaecida en Toledo\u00a0 -seg\u00fan\u00a0 se ha publicado por medios mayoritarios-<\/em>)\u00a0 y\u00a0 la\u00a0 \u201chu\u00edda\u201d\u00a0 que\u00a0 el Tribunal Supremo\u00a0 ha\u00a0 demostrado\u00a0 con su decisi\u00f3n de no entrar en el recurso por \u201crazones\u201d de legitimaci\u00f3n activa (\u00bfd\u00f3nde est\u00e1 lo ajeno, el derecho de tercero, la\u00a0 falta de legitimidad,\u00a0 cuando \u201ctodos\u201d somos los afectados?), sit\u00faan \u00a0a la ciudadan\u00eda\u00a0 en\u00a0 desamparo\u00a0 e indefensi\u00f3n.\u00a0<\/span><\/p>\n<p style=\"text-align: justify;\"><span style=\"font-family: arial, helvetica, sans-serif; font-size: 14pt;\">Nadie\u00a0 vela\u00a0 por nuestros\u00a0 derechos, velemos\u00a0 nosotros pues\u00a0 por ellos.\u00a0\u00a0 Y esto s\u00f3lo lo podemos hacer mediante\u00a0 la\u00a0 exigencia, pac\u00edfica,\u00a0 pero\u00a0 rotunda, de que nos escuchen, de que finalmente\u00a0 nos\u00a0 tengan en cuenta; mediante\u00a0 la\u00a0\u00a0 concienciaci\u00f3n de que nosotros somos m\u00e1s,\u00a0 de que\u00a0 el\u00a0 poder\u00a0 realmente\u00a0 descansa\u00a0 en\u00a0 la\u00a0 poblaci\u00f3n civil. Es momento de\u00a0 decirles\u00a0\u00a0 que estamos hartos de\u00a0 alimentar sus\u00a0 egos y sus bolsillos\u00a0 y\u00a0\u00a0 de\u00a0\u00a0 que\u00a0 nunca\u00a0 nos\u00a0 impedir\u00e1n, al menos,\u00a0\u00a0 hablar,\u00a0 protestar.\u00a0<\/span><\/p>\n<p style=\"text-align: justify;\"><span style=\"font-family: arial, helvetica, sans-serif; font-size: 14pt;\">En\u00a0 cuanto al fondo de la prohibici\u00f3n de\u00a0 manifestaciones convocadas\u00a0 por el movimiento\u00a0 15-M, evidentemente\u00a0 se\u00a0 trata\u00a0 del momento,\u00a0 campa\u00f1a\u00a0 electoral,\u00a0 en el que el ciudadano\u00a0 ha\u00a0 de sentirse m\u00e1s libre\u00a0 para\u00a0\u00a0 ejercer su derecho a la\u00a0 libertad de expresi\u00f3n\u00a0 y, cuando el poder, cualquiera que sea, se ha de encontrar en la posici\u00f3n de menor fortaleza del\u00a0 derecho al honor, como\u00a0 un\u00e1nimemente\u00a0 establece la Jurisprudencia, nacional e internacional.<\/span><\/p>\n<p style=\"text-align: justify;\"><span style=\"font-family: arial, helvetica, sans-serif; font-size: 14pt;\">En realidad\u00a0 lo que subyace tras la prohibici\u00f3n de la manifestaciones convocadas contra pol\u00edticos y banqueros (<em>que dieron origen\u00a0 al movimiento social\u00a0 que\u00a0 actualmente\u00a0 abarrota nuestras plazas -indignados, c\u00f3mo no; pero valientemente<\/em>), no es sino la protecci\u00f3n de los corruptos, frente a sus v\u00edctimas; nosotros. Desaf\u00edan\u00a0 lo que han identificado\u00a0 como el anuncio del fin de su libertad, la ruptura de su futuro:\u00a0 el poder \u2013los poderes- , se han enrocado frente a los ciudadanos en uno \u2013este-\u00a0 de\u00a0 los innumerables\u00a0 sistemas de organizaci\u00f3n social que nuestra Constituci\u00f3n, y esa es quiz\u00e1s su principal virtud, ampara\u00a0\u00a0 en su seno; ampara incluso la propia\u00a0 reforma\u00a0 constitucional.<\/span><\/p>\n<p style=\"text-align: justify;\"><span style=\"font-family: arial, helvetica, sans-serif; font-size: 14pt;\">Hemos descubierto lo que no quer\u00edamos ver, que caminamos con paso firme hacia el m\u00e1s profundo precipicio: los responsables de nuestra marcha suicida, quienes ejercen el papel de l\u00edderes, son quienes se benefician de \u00e9l.\u00a0 Tal es el actual sistema\u00a0 de organizaci\u00f3n\u00a0 social\u00a0 que forman\u00a0 los\u00a0 pol\u00edticos y el poder financiero, todos ellos con nombre y apellidos, ocultos bajo la tiniebla\u00a0 opaca\u00a0 los\u00a0 \u201cMercados\u201d.\u00a0 Ese\u00a0 sistema\u00a0 carente de cobertura en\u00a0 nuestra Constituci\u00f3n, en el que el Estado se inhabilita as\u00ed mismo\u00a0 en pol\u00edtica\u00a0 monetaria,\u00a0 en el control\u00a0\u00a0 financiero\u00a0 y en el manejo de sus sistemas productivos \u2013sea el sector primario, el secundario o el terciario-, que \u00fanicamente nos conceden \u2013 a algunos- una mera\u00a0 oportunidad de subsistencia en el sector\u00a0 servicios,\u00a0 como \u201cSiervos\u201d\u00b7.<\/span><\/p>\n<p style=\"text-align: justify;\"><span style=\"font-family: arial, helvetica, sans-serif; font-size: 14pt;\">Ese\u00a0 \u201csistema\u00a0 anticonstitucional\u201d (<em>por tantas razones\u00a0 que omitimos\u00a0 referirnos\u00a0 a ninguna<\/em>), se ha apoderado\u00a0 del\u00a0\u00a0 esfuerzo com\u00fan,\u00a0 no s\u00f3lo para servirse de \u00e9l, sino para usarlo contra nosotros.<\/span><\/p>\n<p style=\"text-align: justify;\"><span style=\"font-family: arial, helvetica, sans-serif; font-size: 14pt;\">Este es el fondo\u00a0 que\u00a0 se oculta bajo la decisi\u00f3n\u00a0 de\u00a0 la\u00a0 Junta\u00a0 Electoral Central\u00a0 y\u00a0 de la \u201cnegativa\u201d\u00a0 a juzgar tal decisi\u00f3n, tanto por\u00a0 parte del Tribunal\u00a0 Supremo,\u00a0 como\u00a0 por el\u00a0 Tribunal\u00a0 Constitucional.<\/span><\/p>\n<p style=\"text-align: justify;\"><span style=\"font-family: arial, helvetica, sans-serif; font-size: 14pt;\">No somos la gota. Somos el Mar.<\/span><\/p>\n<p style=\"text-align: justify;\"><span style=\"font-family: arial, helvetica, sans-serif; font-size: 14pt;\">J.D.F.\u00a0 y\u00a0 B.L.S.\u00a0 (Abogados)<\/span><\/p>\n<\/td>\n<\/tr>\n<\/tbody>\n<\/table>\n","protected":false},"excerpt":{"rendered":"<div class=\"mh-excerpt\"><p>Por Jes\u00fas D\u00edaz Formoso \u201cNo reclamo la ausencia de gobierno, sino en seguida uno mejor\u201d (Thoreau). Abordamos en este art\u00edculo una faceta del Sistema pol\u00edtico que, pese a su excepcional relevancia para nuestra vida pol\u00edtica, <a class=\"mh-excerpt-more\" href=\"https:\/\/ausaj.org\/?p=2116\" title=\"CORRUPCI\u00d3N JUDICIAL Y CORRUPCI\u00d3N ELECTORAL\">[&#8230;]<\/a><\/p>\n<\/div>","protected":false},"author":5,"featured_media":2126,"comment_status":"open","ping_status":"closed","sticky":false,"template":"","format":"standard","meta":{"_exactmetrics_skip_tracking":false,"_exactmetrics_sitenote_active":false,"_exactmetrics_sitenote_note":"","_exactmetrics_sitenote_category":0,"footnotes":""},"categories":[18],"tags":[34],"_links":{"self":[{"href":"https:\/\/ausaj.org\/index.php?rest_route=\/wp\/v2\/posts\/2116"}],"collection":[{"href":"https:\/\/ausaj.org\/index.php?rest_route=\/wp\/v2\/posts"}],"about":[{"href":"https:\/\/ausaj.org\/index.php?rest_route=\/wp\/v2\/types\/post"}],"author":[{"embeddable":true,"href":"https:\/\/ausaj.org\/index.php?rest_route=\/wp\/v2\/users\/5"}],"replies":[{"embeddable":true,"href":"https:\/\/ausaj.org\/index.php?rest_route=%2Fwp%2Fv2%2Fcomments&post=2116"}],"version-history":[{"count":1,"href":"https:\/\/ausaj.org\/index.php?rest_route=\/wp\/v2\/posts\/2116\/revisions"}],"predecessor-version":[{"id":2287282,"href":"https:\/\/ausaj.org\/index.php?rest_route=\/wp\/v2\/posts\/2116\/revisions\/2287282"}],"wp:featuredmedia":[{"embeddable":true,"href":"https:\/\/ausaj.org\/index.php?rest_route=\/wp\/v2\/media\/2126"}],"wp:attachment":[{"href":"https:\/\/ausaj.org\/index.php?rest_route=%2Fwp%2Fv2%2Fmedia&parent=2116"}],"wp:term":[{"taxonomy":"category","embeddable":true,"href":"https:\/\/ausaj.org\/index.php?rest_route=%2Fwp%2Fv2%2Fcategories&post=2116"},{"taxonomy":"post_tag","embeddable":true,"href":"https:\/\/ausaj.org\/index.php?rest_route=%2Fwp%2Fv2%2Ftags&post=2116"}],"curies":[{"name":"wp","href":"https:\/\/api.w.org\/{rel}","templated":true}]}}