{"id":1866,"date":"2017-04-20T01:00:25","date_gmt":"2017-04-20T00:00:25","guid":{"rendered":"http:\/\/puntocritico.com\/?p=1866"},"modified":"2023-05-08T09:24:03","modified_gmt":"2023-05-08T09:24:03","slug":"ejecutados-en-indefension-parte-i-por-jesus-diaz-formoso","status":"publish","type":"post","link":"https:\/\/ausaj.org\/?p=1866","title":{"rendered":"EJECUTADOS EN INDEFENSI\u00d3N (Parte I): Corr\u00eda el a\u00f1o 2009"},"content":{"rendered":"<blockquote>\n<p style=\"text-align: justify;\"><span style=\"font-family: arial, helvetica, sans-serif; font-size: 12pt;\">Por Jes\u00fas D\u00edaz Formoso<\/span><\/p>\n<p style=\"text-align: justify;\"><span style=\"font-family: arial, helvetica, sans-serif; font-size: 14pt;\">AUSAJ<\/span><\/p>\n<p style=\"text-align: justify;\"><span style=\"font-family: arial, helvetica, sans-serif; font-size: 14pt;\">Corr\u00eda el a\u00f1o 2007 cuando un peque\u00f1o grupo de personas, que hab\u00edan sufrido graves perjuicios por causa de reiteradas y flagrantes vulneraciones de sus Derechos Humanos cometidas por diferentes \u00f3rganos judiciales, en su opini\u00f3n, claramente constitutivas de Delito, y que tras acudir a las v\u00edas Judicial y Administrativa Sancionadora, hab\u00edan comprobado la imposibilidad de obtener justicia en este tipo de asuntos, y conscientes de que la impunidad que a estas viles categor\u00edas de delincuentes se otorgaba, tanto por los tribunales competentes para el enjuiciamiento de estos Aforados, como por el mismo Consejo General del Poder Judicial, significaba el fin del Estado de Derecho que nuestra Constituci\u00f3n proclama e instaura, olvid\u00e1ndose de sus propios problemas (pues de otra forma no existir\u00eda solidaridad ni inter\u00e9s general, sino ego\u00edsmo e inter\u00e9s propio), decidieron constituir la Asociaci\u00f3n de Usuarios de la Administraci\u00f3n de Justicia (AUSAJ), que formalizar\u00edan al a\u00f1o siguiente -2008- con la solicitud de Inscripci\u00f3n en el registro de Asociaciones, que ser\u00eda otorgada meses despu\u00e9s (2009), por raz\u00f3n de las dificultades planteadas desde la Administraci\u00f3n respecto de la calificaci\u00f3n como Asociaci\u00f3n de Usuarios \u2013Ley General de Consumidores y Usuarios-, finalmente superadas.<\/span><\/p>\n<p style=\"text-align: justify;\"><span style=\"font-family: arial, helvetica, sans-serif; font-size: 14pt;\">Ya desde el primer momento, AUSAJ centr\u00f3 su actividad en el problema de los procedimientos ejecutivos que llevan aparejado el lanzamiento, principalmente, procedimientos de Ejecuci\u00f3n Hipotecaria y arrendaticios, en los que las posibilidades defensivas de los Demandados resultan radicalmente limitadas por la propia Ley, lo que vulnera el Derecho Fundamental enunciado por el Art\u00edculo 24, 1\u00ba de la Constituci\u00f3n (\u201c<em>Todas las personas tienen derecho a obtener la tutela efectiva de los jueces y tribunales en el ejercicio de sus derechos e intereses leg\u00edtimos, sin que, <strong>en ning\u00fan caso<\/strong>, pueda producirse indefensi\u00f3n<\/em>\u201d); as\u00ed como el art\u00edculo 53, 1\u00ba de la propia Constituci\u00f3n (\u201c<em>Los derechos y libertades reconocidos en el Cap\u00edtulo Segundo del presente T\u00edtulo<\/em>-el art\u00edculo 24 entre ellos- <em>vinculan a todos los poderes p\u00fablicos. <strong>S\u00f3lo por ley<\/strong>, que en todo <strong>caso deber\u00e1 respetar su contenido esencial<\/strong>, podr\u00e1 regularse el ejercicio de tales derechos y libertades, que se tutelar\u00e1n de acuerdo con lo previsto en el art\u00edculo 161, 1, a<\/em>\u201d).<\/span><\/p>\n<p style=\"text-align: justify;\"><span style=\"font-family: arial, helvetica, sans-serif; font-size: 14pt;\">Comenzamos, as\u00ed, a trabajar sobre el <strong>Derecho de Resistencia a la Opresi\u00f3n<\/strong>; Derecho que fue incluido de forma expresa en la Declaraci\u00f3n de los Derechos del Hombre y del Ciudadano de la Revoluci\u00f3n Francesa, que en su Segundo Par\u00e1grafo establece: \u201c<em>La finalidad de todas las asociaciones pol\u00edticas es la protecci\u00f3n de los derechos naturales e imprescriptibles del hombre; y esos derechos son libertad, propiedad, seguridad y resistencia a la opresi\u00f3n<\/em>\u201d. Derecho que tambi\u00e9n podemos encontrar en la Declaraci\u00f3n de Independencia de los Estados Unidos de 1776, que en su p\u00e1rrafo m\u00e1s famoso declara: \u201c<em>Sostenemos como evidentes estas verdades: que todos los hombres son creados iguales; que son dotados por su Creador de ciertos derechos inalienables; que entre \u00e9stos est\u00e1n la vida, la libertad y la b\u00fasqueda de la felicidad; que para garantizar estos derechos se instituyen entre los hombres los gobiernos, que derivan sus poderes leg\u00edtimos del consentimiento de los gobernados; que cuando quiera que una forma de gobierno se haga destructora de estos principios, el pueblo tiene el derecho a reformarla o abolirla e instituir un nuevo gobierno que se funde en dichos principios, y a organizar sus poderes en la forma que a su juicio ofrecer\u00e1 las mayores probabilidades de alcanzar su seguridad y felicidad<\/em>\u201d. Alcanzando la conclusi\u00f3n de que el Derecho de Resistencia a la Opresi\u00f3n encuentra tambi\u00e9n expresi\u00f3n en la vigente Constituci\u00f3n Espa\u00f1ola de 1978; as\u00ed su Art\u00edculo 10, 1\u00ba declara: \u201c<em>La dignidad de la persona, los derechos inviolables que le son inherentes, el libre desarrollo de la personalidad, el respeto a la ley y a los derechos de los dem\u00e1s son fundamento del orden pol\u00edtico y de la paz social<\/em>\u201d.<\/span><\/p>\n<p style=\"text-align: justify;\"><span style=\"font-family: arial, helvetica, sans-serif; font-size: 14pt;\">En el mes de agosto de 2009 (antes de la \u201ceclosi\u00f3n\u201d medi\u00e1tica e institucional de la PAH), publiqu\u00e9 un comentario al respecto en la p\u00e1gina web \u201cfilosof\u00edadigital.com\u201d, que \u2013transformado en art\u00edculo, por consejo de mi estimado compa\u00f1ero -y sin embargo amigo-, Jos\u00e9 Lu\u00eds Maz\u00f3n &#8211; tuvo gran difusi\u00f3n en otros medios digitales, dado que la crisis inmobiliaria comenzaba a ser percibida en su verdadera dimensi\u00f3n por sectores cada vez m\u00e1s amplios de la poblaci\u00f3n.<\/span><\/p>\n<p style=\"text-align: justify;\"><span style=\"font-family: arial, helvetica, sans-serif; font-size: 14pt;\"><strong>Reproducimos a continuaci\u00f3n dicho Comentario<\/strong> (<em>comentario n\u00ba 23, de 13 de agosto, que se puede descargar, junto al Post y el resto de comentarios publicados, m\u00e1s abajo<\/em>); no se han hecho correcciones, al objeto de conservar su literalidad, por lo que nos disculpamos por las faltas ortogr\u00e1ficas y gramaticales que pudieran existir, no sin antes recordar el texto del art\u00edculo 24, 1\u00ba de la Constituci\u00f3n Espa\u00f1ola, de 27 de diciembre de 1978: \u201c<em>Todas las personas tienen derecho a obtener la tutela efectiva de los jueces y tribunales en el ejercicio de sus derechos e intereses leg\u00edtimos, sin que, <strong>en ning\u00fan caso<\/strong>, pueda producirse indefensi\u00f3n<\/em>\u201d.<\/span><\/p>\n<\/blockquote>\n<p style=\"text-align: center;\">*******<\/p>\n<h1 style=\"text-align: justify;\"><span style=\"font-family: arial, helvetica, sans-serif; font-size: 14pt;\">EJECUTADOS EN INDEFENSI\u00d3N (Parte I: Corr\u00eda el a\u00f1o 2009)<\/span><\/h1>\n<p style=\"text-align: justify;\"><span style=\"font-family: arial, helvetica, sans-serif; font-size: 14pt;\">COMENTARIO:<\/span><\/p>\n<p style=\"text-align: justify;\"><span style=\"font-family: arial, helvetica, sans-serif; font-size: 14pt;\">J.D.F.: Estimado Jes\u00fas Nava, en efecto, tengo, al respecto, algunas anotaciones que he de recopilar y organizar -requiere alg\u00fan tiempo, no demasiado-, acerca de cuestiones de naturaleza jur\u00eddica en las que intuyo gran potencialidad adhesiva, y que me gustar\u00e1 transmitirte, con la seguridad del beneficio de tu cr\u00edtica. Te adelanto un borrador de su posible Esquema:<\/span><\/p>\n<p style=\"text-align: justify;\"><span style=\"font-family: arial, helvetica, sans-serif; font-size: 14pt;\">1.- No existe conflicto de Derechos Fundamentales cuando se enfrentan judicialmente Persona\/s Jur\u00eddica\/s y Persona\/s F\u00edsica\/s. En estos casos, la raz\u00f3n solo puede corresponder al Ser Humano.<\/span><\/p>\n<p style=\"text-align: justify;\"><span style=\"font-family: arial, helvetica, sans-serif; font-size: 14pt;\">Las Personas Jur\u00eddicas, son \u201cpersonalidades ficticias\u201d (F. Ferrara \u2013 \u201cTratatto \u2026\u201d), que el Derecho trata como Personas con el fin de posibilitar su actuaci\u00f3n en el tr\u00e1fico mercantil. Pero los Derechos Fundamentales solo son propios de las Personas Humanas.<\/span><\/p>\n<p style=\"text-align: justify;\"><span style=\"font-family: arial, helvetica, sans-serif; font-size: 14pt;\">Una Persona Jur\u00eddica no es otra cosa que su Estatuto. Esto es, unos trozos de papel que cumplen ciertas formalidades. Puedo insultarlos sin vulnerar ning\u00fan Derecho al Honor. Puedo romperlos sin comprometer el Derecho a la Integridad F\u00edsica. Puedo quemarlos sin que el Derecho a la Vida que proclaman las Constituciones sufra en modo alguno.<\/span><\/p>\n<p style=\"text-align: justify;\"><span style=\"font-family: arial, helvetica, sans-serif; font-size: 14pt;\">De la misma manera, tampoco tienen Derecho Fundamental a la Tutela Judicial Efectiva (s\u00f3lo lo tienen, como los dem\u00e1s Derechos con rango Fundamental, las Personas F\u00edsicas, Humanas) Las Corporaciones podr\u00e1n tener Derecho a ser parte en los procesos judiciales que les afecten, pero nunca tal derecho podr\u00e1 alcanzar el rango de Fundamental.<\/span><\/p>\n<p style=\"text-align: justify;\"><span style=\"font-family: arial, helvetica, sans-serif; font-size: 14pt;\">Ni siquiera trascienden a ellas los Derechos Fundamentales que ostentan las Personas F\u00edsicas que constituyen el capital de las Corporaciones: No arriesgan Derechos Fundamentales en ellas, sino solo dinero.<\/span><\/p>\n<p style=\"text-align: justify;\"><span style=\"font-family: arial, helvetica, sans-serif; font-size: 14pt;\">Podr\u00edamos incluso diferenciar estas Corporaciones Privadas de otras de Derecho P\u00fablico (Vgr. Ayuntamientos, Diputaciones, \u2026), en las que sus integrantes son personas f\u00edsicas. En estos casos, al final, inexcusablemente sus integrantes, personas f\u00edsicas, ser\u00e1n personalmente responsables de los actos de dichas Corporaciones P\u00fablicas (en \u00faltima instancia, las obligaciones econ\u00f3micas se solventar\u00e1n por sus miembros, que se habr\u00e1n de ver despose\u00eddos de su dinero, coactivamente, por mecanismos tributarios \u2013 impuestos principalmente). Esa responsabilidad final de los miembros de la Corporaci\u00f3n P\u00fablica, no se produce en los integrantes de las Personas Jur\u00eddicas.<\/span><\/p>\n<p style=\"text-align: justify;\"><span style=\"font-family: arial, helvetica, sans-serif; font-size: 14pt;\">En efecto, para los integrantes de las Corporaciones Privadas, lo \u00fanico que trasciende de su esfera f\u00edsica a la esfera jur\u00eddica de la Persona Ficticia, es su voluntad de Limitar su Responsabilidad. Y la alternativa del riesgo o ganancia constituye, precisamente, la propia naturaleza de la actividad mercantil a que se programan tales organizaciones. No hay siquiera posibilidad de transmisi\u00f3n de Derecho Fundamental alguno.<\/span><\/p>\n<p style=\"text-align: justify;\"><span style=\"font-family: arial, helvetica, sans-serif; font-size: 14pt;\">Otra consideraci\u00f3n supondr\u00eda que, frente a la efectividad de los Derechos Fundamentales de los Seres Humanos, haya de prevalecer el inter\u00e9s especulativo de una mera \u201cpersona de papel\u201d, carente de cualquier desarrollo moral (que existe y act\u00faa con un \u00fanico fin: la maximizaci\u00f3n de su beneficio econ\u00f3mico).<\/span><\/p>\n<p style=\"text-align: justify;\"><span style=\"font-family: arial, helvetica, sans-serif; font-size: 14pt;\">Con la noci\u00f3n de la inexistencia, en tales casos, de mera posibilidad de conflicto entre Derechos Fundamentales (pues solo son reconocidos constitucionalmente a las Personas F\u00edsicas -Humanas, por lo que no despliegan sus efectos sobre las Personas Jur\u00eddicas \u2013 \u201cficticias\u201d), abordaremos algunas cuestiones derivadas, comenzando por el Juicio Ejecutivo.<\/span><\/p>\n<p style=\"text-align: justify;\"><span style=\"font-family: arial, helvetica, sans-serif; font-size: 14pt;\"><strong>2.- El Juicio Ejecutivo. LA FAMILIA EJECUTADA.<\/strong><\/span><\/p>\n<p style=\"text-align: justify;\"><span style=\"font-family: arial, helvetica, sans-serif; font-size: 14pt;\">Se trata de una serie de procedimientos judiciales que constituyen la v\u00eda por la que las Corporaciones expropian a los individuos sus bienes, a la vez que vulneran sus Derechos Fundamentales, sin posibilidad alguna de defensa efectiva.<\/span><\/p>\n<p style=\"text-align: justify;\"><span style=\"font-family: arial, helvetica, sans-serif; font-size: 14pt;\">Este tipo de Procedimientos constituyen la mayor parte de la labor desarrollada en nuestros Juzgados y Tribunales, pese a lo cual en estos procesos, las Corporaciones est\u00e1n (NOTA &#8211; en agosto de 2009) exentas del pago de Tasas Judiciales. Es decir: Su estructura y funcionamiento lo pagamos todos.<\/span><\/p>\n<p style=\"text-align: justify;\"><span style=\"font-family: arial, helvetica, sans-serif; font-size: 14pt;\">Su tramitaci\u00f3n procesal reviste un esquema com\u00fan, que podemos ejemplificar como sigue: Un Banco acude al Juez con unos \u201cpapelitos\u201d, le asegura que se trata de unos \u201cpapelitos\u201d muy importantes, y solicita del Juez que arruine por completo la vida de una familia (incluso expuls\u00e1ndola violentamente de su hogar) si no paga la cantidad que el Banco escribi\u00f3 en esos \u201cpapelitos\u201d. Y el Juez lo hace.<\/span><\/p>\n<p style=\"text-align: justify;\"><span style=\"font-family: arial, helvetica, sans-serif; font-size: 14pt;\">Advertimos ya que, el contenido de esos \u201cpapelitos\u201d nunca podr\u00e1 ser discutido por los ciudadanos en el seno del Juicio Ejecutivo (produci\u00e9ndose ulteriores efectos da\u00f1inos, injustificables, tales como que se deban de pagar todos los intereses, cualquiera que hubiere sido el tiempo de vida del supuesto contrato, plasmado en dichos \u201cPapelitos\u201d; etc\u2026).<\/span><\/p>\n<p style=\"text-align: justify;\"><span style=\"font-family: arial, helvetica, sans-serif; font-size: 14pt;\">Sin previo aviso, notificaci\u00f3n o tr\u00e1mite alguno, de repente esa familia recibe la comunicaci\u00f3n de que todos sus bienes han sido ya embargados. No que lo pueden llegar a ser. QUE YA ESTAN EMBARGADOS. El cabeza de familia, l\u00f3gicamente, acude raudo al Juzgado a defenderse. Entonces le comunican \u00a1\u00a1QUE NI SIQUIERA PUEDE RECURRIR LA DECISI\u00d3N DE EMBARGO!!<\/span><\/p>\n<p style=\"text-align: justify;\"><span style=\"font-family: arial, helvetica, sans-serif; font-size: 14pt;\">Tiene, sin embargo, una posibilidad: Oponerse a la Ejecuci\u00f3n. Para ello, necesita valerse de Abogado y Procurador. El plazo es solo de diez d\u00edas, y ya comenz\u00f3 a correr.<\/span><\/p>\n<p style=\"text-align: justify;\"><span style=\"font-family: arial, helvetica, sans-serif; font-size: 14pt;\">Como quiera que todos los bienes de la familia han sido embargados (y como tiene bienes -los embargados, de los que no puede disponer-, no tiene Derecho a Justicia Gratuita), la contrataci\u00f3n de Abogado y Procurador no resulta sencilla: Ambos, usualmente, quieren cobrar. Y mucho.<\/span><\/p>\n<p style=\"text-align: justify;\"><span style=\"font-family: arial, helvetica, sans-serif; font-size: 14pt;\">Llegado a este punto, la familia har\u00eda bien en acudir a soluciones \u201cextrajudiciales\u201d (tales como pedir un buen dinero negro al ejecutante, record\u00e1ndole que el embargo del piso solo incluye el hueco entre los pisos adyacentes, pero no las puertas, azulejos, sanitarios, cables, tuber\u00edas, \u2026), en lugar de intentar obtener Justicia.<\/span><\/p>\n<p style=\"text-align: justify;\"><span style=\"font-family: arial, helvetica, sans-serif; font-size: 14pt;\">Y es que, en esta situaci\u00f3n, no es posible -legalmente- defenderse. Solo perder y tener que pagar -adem\u00e1s de a su Abogado y Procurador- a los del Ejecutante (a los que ya deb\u00eda pagar su intervenci\u00f3n anterior al tr\u00e1mite de Oposici\u00f3n \u2013 un past\u00f3n a cambio de unos minutos de rellenar un formulario y llevarlo al Juez).<\/span><\/p>\n<p style=\"text-align: justify;\"><span style=\"font-family: arial, helvetica, sans-serif; font-size: 14pt;\">Lo curioso es que el Art\u00edculo 24, 1\u00ba de nuestra Constituci\u00f3n establece el Derecho Fundamental a la Tutela Judicial Efectiva de los ciudadanos \u201cSIN QUE EN NINGUN CASO PUEDA PRODUCIRSE INDEFENSI\u00d3N\u201d.<\/span><\/p>\n<p style=\"text-align: justify;\"><span style=\"font-family: arial, helvetica, sans-serif; font-size: 14pt;\">Como sabemos, en este momento, la familia \u201cEjecutada\u201d, ha visto embargados todos sus bienes sin que hubiera podido, en modo alguno, defenderse (de hecho, se enter\u00f3 cuando ya se hab\u00eda trabado el embargo, que, no olvidemos, constituye una decisi\u00f3n judicial irrecurrible).<\/span><\/p>\n<p style=\"text-align: justify;\"><span style=\"font-family: arial, helvetica, sans-serif; font-size: 14pt;\">Si, en lugar de seguir el anterior consejo (que, por cierto, nunca suelen dar los Abogados), la Familia \u201cEjecutada\u201d decide Oponerse a la Ejecuci\u00f3n, tras proveer de fondos a su Procurador y pagar a su Abogado, su completa ruina es un hecho futuro y cierto, inevitable, salvo que pueda acreditar DOCUMENTALMENTE, bien que ya hab\u00eda pagado TODA LA DEUDA QUE SE LE RECLAMA (no la deuda, en su caso, real, sino la que se le reclame), bien que el Banco se la hab\u00eda perdonado, y otras dos o tres cosas igualmente extraordinarias, sino imposibles (art\u00edculo 557 \u2013 Ley de Enjuiciamiento Civil).<\/span><\/p>\n<p style=\"text-align: justify;\"><span style=\"font-family: arial, helvetica, sans-serif; font-size: 14pt;\">Ni siquiera puede defenderse alegando sobre el supuesto Contrato (que el Banco aport\u00f3 en el momento inicial, junto al resto de Papelitos elaborados por el propio Banco) objeto de la Ejecuci\u00f3n. Se produce lo que se ha llamado \u201cabstracci\u00f3n de la causa de pedir\u201d. Os explicar\u00eda lo que significa, si significara realmente algo.<\/span><\/p>\n<p style=\"text-align: justify;\"><span style=\"font-family: arial, helvetica, sans-serif; font-size: 14pt;\">TODA OTRA ALEGACI\u00d3N DEFENSIVA LE ES IMPEDIDA por medio de la aplicaci\u00f3n de una Ley clara, indiscutible y aberrantemente Inconstitucional (cuya Constitucionalidad, sorprendentemente, ha sido siempre declarada por todos y cada uno de los jueces y magistrados que hay y ha habido en este pa\u00eds \u2013 Es el Pensamiento \u00fanico, al parecer, s\u00edmbolo de la Independencia Judicial).<\/span><\/p>\n<p style=\"text-align: justify;\"><span style=\"font-family: arial, helvetica, sans-serif; font-size: 14pt;\">Entonces, la Familia, desesperada, trata por todos los medios de hablar con el Juez. Adelantamos que dif\u00edcilmente lo conseguir\u00e1n. Y si lo logran, el Juez les explicar\u00e1 que, aunque no han podido defenderse, no han estado en Indefensi\u00f3n.<\/span><\/p>\n<p style=\"text-align: justify;\"><span style=\"font-family: arial, helvetica, sans-serif; font-size: 14pt;\">Los razonamientos son de lo m\u00e1s pintoresco: Desde la afirmaci\u00f3n del car\u00e1cter COYUNTURAL (relativo) de los Derechos Fundamentales \u00a1\u00a1\u00a1\u00a1???\u00bf\u00bf\u00bf!!! \u2013 (v\u00e9ase Sentencia \u2013Pleno- del Tribunal Constitucional n\u00ba 14\/1992); hasta la m\u00e1s com\u00fan de que es posible defenderse \u2026 EN OTRO JUICIO QUE NI SIQUIERA EXISTE (se llama Juicio Ordinario, y es car\u00edsimo, adem\u00e1s de muy arriesgado \u2013 quiero decir que, si a la Familia Ejecutada, tras su Ejecuci\u00f3n, le queda alg\u00fan patrimonio -cosa ciertamente improbable, pues el valor de los bienes que le han robado se considera menor a la mitad de su valor de mercado-, es preferible que lo invierta en alg\u00fan tipo de fondo estructurado garantizado de alta remuneraci\u00f3n y m\u00e1xima calificaci\u00f3n, pues as\u00ed, solo perder\u00e1 ese patrimonio. De otro modo, tras el Juicio Declarativo, acabar\u00e1 debiendo todav\u00eda m\u00e1s al Banco).<\/span><\/p>\n<p style=\"text-align: justify;\"><span style=\"font-family: arial, helvetica, sans-serif; font-size: 14pt;\">Considero el primer punto como el ambiente, el caldo de cultivo, que propicia y alienta la comisi\u00f3n de terribles cr\u00edmenes de Estado, como los referidos en el punto 2.<\/span><\/p>\n<p style=\"text-align: justify;\"><span style=\"font-family: arial, helvetica, sans-serif; font-size: 14pt;\">En fin, se trata de cuestiones jur\u00eddicas, que con algo de tiempo, intentar\u00e9 organizar y expresar de manera m\u00e1s completa y amena. Faltan muchas cosas, y sobran algunas otras, pero espero que te hayas hecho una idea de hacia d\u00f3nde apuntan.<\/span><\/p>\n<p style=\"text-align: justify;\"><span style=\"font-family: arial, helvetica, sans-serif; font-size: 14pt;\">Pero esta es la forma en que nos roban nuestros hogares y medios de vida. Es injusta e injustificable, y \u00fanicamente prevalece debido a la desconexi\u00f3n y el desamparo en que quienes lo han padecido han quedado (y quedar\u00e1n por muy largo tiempo, si no definitivamente).<\/span><\/p>\n<p style=\"text-align: justify;\"><span style=\"font-family: arial, helvetica, sans-serif; font-size: 14pt;\">En cuanto a quienes no han pasado a\u00fan por ello, no corren tiempos favorables al valor, sino al mantenimiento de falsas esperanzas de inmunidad personal (a mi no me pasar\u00e1 ..).<\/span><\/p>\n<p style=\"text-align: justify;\"><span style=\"font-family: arial, helvetica, sans-serif; font-size: 14pt;\">Pero en todo caso, integra en su seno cuestiones de tan alta importancia para la vida y la dignidad humana, que intuyo, insisto, que a partir de estas cuestiones es posible agrupar una fracci\u00f3n importante de la ciudadan\u00eda.<\/span><\/p>\n<p style=\"text-align: justify;\"><span style=\"font-family: arial, helvetica, sans-serif; font-size: 14pt;\">En el mejor de los casos, podr\u00eda impulsar (o contribuir a ello) una generalizada REBELI\u00d3N FISCAL, verdadera Revoluci\u00f3n Pac\u00edfica, que ha dado lugar, a lo largo de la historia, a periodos de abrupta transici\u00f3n, en que las sociedades humanas recuperan el valor, la solidaridad, la empat\u00eda y esplendor intelectual. Aunque tambi\u00e9n es cierto que suelen volver a desprenderse de tales virtudes de manera sorprendentemente veloz e ingenua.<\/span><\/p>\n<p style=\"text-align: justify;\"><span style=\"font-family: arial, helvetica, sans-serif; font-size: 14pt;\">Saludos afectuosos. P.D. Deposito las ideas en el Aire, \u2026 que es de d\u00f3nde las he obtenido.<\/span><\/p>\n<p style=\"text-align: center;\"><span style=\"font-family: arial, helvetica, sans-serif; font-size: 14pt;\">*******<\/span><\/p>\n<figure id=\"attachment_1875\" aria-describedby=\"caption-attachment-1875\" style=\"width: 249px\" class=\"wp-caption aligncenter\"><a href=\"https:\/\/puntocritico.com\/ausajpuntocritico\/documentos\/ESTA_ACASO_ROTO_EL_MOLDE_DE_LA_VIRTUD.pdf\"><img fetchpriority=\"high\" decoding=\"async\" class=\"wp-image-1875 size-medium\" src=\"https:\/\/ausaj.org\/wp-content\/uploads\/2023\/05\/Voltaire_2-249x300.jpg\" alt=\"\" width=\"249\" height=\"300\" \/><\/a><figcaption id=\"caption-attachment-1875\" class=\"wp-caption-text\"><a href=\"https:\/\/puntocritico.com\/ausajpuntocritico\/documentos\/ESTA_ACASO_ROTO_EL_MOLDE_DE_LA_VIRTUD.pdf\">DESCARGA del Post de Filosof\u00eda Digital con todos los Comentarios.<\/a><\/figcaption><\/figure>\n<p>&nbsp;<\/p>\n<p><a href=\"https:\/\/puntocritico.com\/2017\/04\/27\/ejecutados-en-indefension-parte-ii-stc-pleno-no-141992-de-10-de-febrero-por-jesus-diaz-formoso\/\">EJECUTADOS EN INDEFENSI\u00d3N (Parte II)<\/a><\/p>\n","protected":false},"excerpt":{"rendered":"<div class=\"mh-excerpt\"><p>Por Jes\u00fas D\u00edaz Formoso AUSAJ Corr\u00eda el a\u00f1o 2007 cuando un peque\u00f1o grupo de personas, que hab\u00edan sufrido graves perjuicios por causa de reiteradas y flagrantes vulneraciones de sus Derechos Humanos cometidas por diferentes \u00f3rganos <a class=\"mh-excerpt-more\" href=\"https:\/\/ausaj.org\/?p=1866\" title=\"EJECUTADOS EN INDEFENSI\u00d3N (Parte I): Corr\u00eda el a\u00f1o 2009\">[&#8230;]<\/a><\/p>\n<\/div>","protected":false},"author":5,"featured_media":377,"comment_status":"open","ping_status":"closed","sticky":false,"template":"","format":"standard","meta":{"_exactmetrics_skip_tracking":false,"_exactmetrics_sitenote_active":false,"_exactmetrics_sitenote_note":"","_exactmetrics_sitenote_category":0,"footnotes":""},"categories":[18],"tags":[],"_links":{"self":[{"href":"https:\/\/ausaj.org\/index.php?rest_route=\/wp\/v2\/posts\/1866"}],"collection":[{"href":"https:\/\/ausaj.org\/index.php?rest_route=\/wp\/v2\/posts"}],"about":[{"href":"https:\/\/ausaj.org\/index.php?rest_route=\/wp\/v2\/types\/post"}],"author":[{"embeddable":true,"href":"https:\/\/ausaj.org\/index.php?rest_route=\/wp\/v2\/users\/5"}],"replies":[{"embeddable":true,"href":"https:\/\/ausaj.org\/index.php?rest_route=%2Fwp%2Fv2%2Fcomments&post=1866"}],"version-history":[{"count":1,"href":"https:\/\/ausaj.org\/index.php?rest_route=\/wp\/v2\/posts\/1866\/revisions"}],"predecessor-version":[{"id":2287292,"href":"https:\/\/ausaj.org\/index.php?rest_route=\/wp\/v2\/posts\/1866\/revisions\/2287292"}],"wp:featuredmedia":[{"embeddable":true,"href":"https:\/\/ausaj.org\/index.php?rest_route=\/wp\/v2\/media\/377"}],"wp:attachment":[{"href":"https:\/\/ausaj.org\/index.php?rest_route=%2Fwp%2Fv2%2Fmedia&parent=1866"}],"wp:term":[{"taxonomy":"category","embeddable":true,"href":"https:\/\/ausaj.org\/index.php?rest_route=%2Fwp%2Fv2%2Fcategories&post=1866"},{"taxonomy":"post_tag","embeddable":true,"href":"https:\/\/ausaj.org\/index.php?rest_route=%2Fwp%2Fv2%2Ftags&post=1866"}],"curies":[{"name":"wp","href":"https:\/\/api.w.org\/{rel}","templated":true}]}}